{"id":76186,"date":"2021-10-17T21:19:57","date_gmt":"2021-10-18T00:19:57","guid":{"rendered":"https:\/\/blogdoedvaldomagalhaes.com.br\/?p=76186"},"modified":"2021-10-17T21:19:58","modified_gmt":"2021-10-18T00:19:58","slug":"mutirao-crianca-na-creche-com-busca-ativa-para-matriculas-em-cemeis-em-caruaru","status":"publish","type":"post","link":"https:\/\/blogdoedvaldomagalhaes.com.br\/index.php\/2021\/10\/17\/mutirao-crianca-na-creche-com-busca-ativa-para-matriculas-em-cemeis-em-caruaru\/","title":{"rendered":"Mutir\u00e3o Crian\u00e7a na Creche com busca ativa para matr\u00edculas em CEMEIs em Caruaru"},"content":{"rendered":"<p style=\"text-align: justify;\"><span style=\"font-size: inherit;\">A Secretaria de Educa\u00e7\u00e3o e Esportes (Seduc), realiza a partir desta segunda-feira (18) at\u00e9 quarta-feira (20), o Mutir\u00e3o Crian\u00e7a na Creche. A a\u00e7\u00e3o tem como objetivo captar alunos (de 0 a 3 anos) para os Centros Municipais de Ensino Infantil (CMEIs).<\/span><\/p>\n<p style=\"text-align: justify;\">O mutir\u00e3o, al\u00e9m da Seduc, conta com a parceria da Secretaria de Desenvolvimento Social e Diretos Humanos (SDSDH), Secretaria Municipal de Sa\u00fade (SMS), Secretaria de Pol\u00edticas para Mulheres (SPM) e Secretaria de Planejamento e Or\u00e7amento e Gest\u00e3o (Seplag).<\/p>\n<p style=\"text-align: justify;\">&#8220;O nosso intuito \u00e9 divulgar, esclarecer e preencher, atrav\u00e9s da efetiva\u00e7\u00e3o de matr\u00edcula, as vagas que faltam ser preenchidas nos CMEIs. Para isso, montamos uma estrat\u00e9gia de busca ativa, que conta com quatro etapas&#8221;, informou o secret\u00e1rio de Educa\u00e7\u00e3o e Esportes, Jo\u00e3o Paulo Derocy C\u00eapa, acrescentando que a for\u00e7a-tarefa \u00e9 uma a\u00e7\u00e3o que comp\u00f5e o Aluno Presente 2.0, eixo estrat\u00e9gico do Programa Tempo Certo.<\/p>\n<p style=\"text-align: justify;\">Os CMEIs que est\u00e3o com ofertas de vagas s\u00e3o Professor Carlos Antonio Amaral (Boa Vista\/Panorama), Professor Lindomar Pinheiro (Boa Vista\/Panorama), Severino Jos\u00e9 de Oliveira (Vassoural), Dom Ant\u00f4nio Soares Costa (Monte Bom Jesus), Severino Vitalino (Alto do Moura) e Vereador Jos\u00e9 Ailton (Murici).<\/p>\n<p style=\"text-align: justify;\">A\u00e7\u00f5es<\/p>\n<p style=\"text-align: justify;\">A primeira etapa acontece nesta segunda (18), na Feira da Sulanca, e conta com panfletagem e pr\u00e9-matr\u00edcula, em parceria com a SDSDH. A a\u00e7\u00e3o acontecer\u00e1 por meio de visitas a bancos, bem como nas barreiras sanit\u00e1rias. Haver\u00e1 ainda um ponto fixo, para cadastro de pr\u00e9-matr\u00edcula na estrutura montada para vacina\u00e7\u00e3o, em frente ao Sesc.<\/p>\n<p style=\"text-align: justify;\">A segunda etapa ser\u00e1 um porta a porta nas \u00e1reas de abrang\u00eancia dos CMEIs. Na ocasi\u00e3o, uma equipe estar\u00e1 realizando panfletagem e cadastro de pr\u00e9-matr\u00edcula. Tamb\u00e9m haver\u00e1 ponto fixo nos CMEIs, assim como nas unidades de Sa\u00fade, em parceria com a Secretaria de Sa\u00fade.<\/p>\n<p style=\"text-align: justify;\">A terceira etapa consiste em visitas nos Centros de Refer\u00eancia de Assist\u00eancia Social (Cras), tamb\u00e9m nas \u00e1reas de abrang\u00eancia dos CMEIs, em parceria com a SDSDH.<\/p>\n<p style=\"text-align: justify;\">J\u00e1 a quarta e \u00faltima etapa ser\u00e1 uma busca ativa de mulheres cadastradas na Secretaria de Pol\u00edticas para as Mulheres, que possuem crian\u00e7as fora dos ber\u00e7\u00e1rios nos territ\u00f3rios dos CMEIs priorizados para essas matr\u00edculas.<\/p>\n<p style=\"text-align: justify;\">CMEIs\/unidades de sa\u00fade\/Cras<\/p>\n<p style=\"text-align: justify;\">&#8211; CMEI Professor Carlos Antonio Amaral e CMEI Professor Lindomar<br \/>\nPinheiro.<br \/>\nUnidades de Sa\u00fade: Boa Vista, Severino Afonso e Panorama.<br \/>\nCras Maria Auxiliadora<\/p>\n<p style=\"text-align: justify;\">&#8211; CMEI Severino Jos\u00e9 de Oliveira.<br \/>\nUnidades de Sa\u00fade: Vassoural e Santa Rosa 1, 2, 3, e 4.<br \/>\nCras Vassoural<\/p>\n<p style=\"text-align: justify;\">&#8211; CMEI Dom Ant\u00f4nio Soares Costa.<br \/>\nUnidades de Sa\u00fade: Centen\u00e1rio, Morro Centen\u00e1rio, Morro S\u00e3o Francisco e Ana Rodrigues.<br \/>\nCras Centen\u00e1rio<\/p>\n<p style=\"text-align: justify;\">&#8211; CMEI Severino Vitalino.<br \/>\nUnidades de Sa\u00fade: Alto do Moura, Barra de Taquara e Caj\u00e1.<br \/>\nCras Taquara<\/p>\n<p style=\"text-align: justify;\">&#8211; CMEI Vereador Jos\u00e9 Ailton.<br \/>\nUnidade de Sa\u00fade: Murici.<br \/>\nAcademia de Artes Marciais<\/p>\n<p style=\"text-align: justify;\">Foto: Jana\u00edna Pepeu.<\/p>\n","protected":false},"excerpt":{"rendered":"<p>A Secretaria de Educa\u00e7\u00e3o e Esportes (Seduc), realiza a partir desta segunda-feira (18) at\u00e9 quarta-feira (20), o Mutir\u00e3o Crian\u00e7a na&hellip;<\/p>\n","protected":false},"author":1,"featured_media":76187,"comment_status":"open","ping_status":"open","sticky":false,"template":"","format":"standard","meta":{"footnotes":""},"categories":[14120],"tags":[2,19532,3406,23141,6],"class_list":["post-76186","post","type-post","status-publish","format-standard","has-post-thumbnail","hentry","category-noticias","tag-blog-do-edvaldo-magalhaes","tag-blog-mais-acessado-e-visualizado-de-caruaru-e-regiao","tag-caruaru","tag-mutirao-crianca-na-creche-com-busca-ativa-para-matriculas-em-cemeis-em-caruaru","tag-noticias"],"_links":{"self":[{"href":"https:\/\/blogdoedvaldomagalhaes.com.br\/index.php\/wp-json\/wp\/v2\/posts\/76186","targetHints":{"allow":["GET"]}}],"collection":[{"href":"https:\/\/blogdoedvaldomagalhaes.com.br\/index.php\/wp-json\/wp\/v2\/posts"}],"about":[{"href":"https:\/\/blogdoedvaldomagalhaes.com.br\/index.php\/wp-json\/wp\/v2\/types\/post"}],"author":[{"embeddable":true,"href":"https:\/\/blogdoedvaldomagalhaes.com.br\/index.php\/wp-json\/wp\/v2\/users\/1"}],"replies":[{"embeddable":true,"href":"https:\/\/blogdoedvaldomagalhaes.com.br\/index.php\/wp-json\/wp\/v2\/comments?post=76186"}],"version-history":[{"count":1,"href":"https:\/\/blogdoedvaldomagalhaes.com.br\/index.php\/wp-json\/wp\/v2\/posts\/76186\/revisions"}],"predecessor-version":[{"id":76188,"href":"https:\/\/blogdoedvaldomagalhaes.com.br\/index.php\/wp-json\/wp\/v2\/posts\/76186\/revisions\/76188"}],"wp:featuredmedia":[{"embeddable":true,"href":"https:\/\/blogdoedvaldomagalhaes.com.br\/index.php\/wp-json\/wp\/v2\/media\/76187"}],"wp:attachment":[{"href":"https:\/\/blogdoedvaldomagalhaes.com.br\/index.php\/wp-json\/wp\/v2\/media?parent=76186"}],"wp:term":[{"taxonomy":"category","embeddable":true,"href":"https:\/\/blogdoedvaldomagalhaes.com.br\/index.php\/wp-json\/wp\/v2\/categories?post=76186"},{"taxonomy":"post_tag","embeddable":true,"href":"https:\/\/blogdoedvaldomagalhaes.com.br\/index.php\/wp-json\/wp\/v2\/tags?post=76186"}],"curies":[{"name":"wp","href":"https:\/\/api.w.org\/{rel}","templated":true}]}}