{"id":76086,"date":"2021-10-15T12:44:42","date_gmt":"2021-10-15T15:44:42","guid":{"rendered":"https:\/\/blogdoedvaldomagalhaes.com.br\/?p=76086"},"modified":"2021-10-15T12:44:43","modified_gmt":"2021-10-15T15:44:43","slug":"feira-da-sulanca-de-caruaru-sera-aos-domingos-e-segundas-feiras-em-novembro-e-dezembro","status":"publish","type":"post","link":"https:\/\/blogdoedvaldomagalhaes.com.br\/index.php\/2021\/10\/15\/feira-da-sulanca-de-caruaru-sera-aos-domingos-e-segundas-feiras-em-novembro-e-dezembro\/","title":{"rendered":"Feira da Sulanca de Caruaru ser\u00e1 aos domingos e segundas-feiras em novembro e dezembro"},"content":{"rendered":"<p style=\"text-align: justify;\">Divulgado nesta sexta-feira (15), o calend\u00e1rio com as datas de realiza\u00e7\u00e3o da Feira da Sulanca nos \u00faltimos dois meses de 2021. A partir de novembro, as feiras acontecer\u00e3o aos domingos e segundas-feiras, com exce\u00e7\u00e3o do dia 15, devido ao feriado da Proclama\u00e7\u00e3o da Rep\u00fablica. A programa\u00e7\u00e3o vai at\u00e9 o fim de dezembro.<\/p>\n<p style=\"text-align: justify;\">Para a defini\u00e7\u00e3o do calend\u00e1rio, foram realizadas reuni\u00f5es com representantes do complexo de feiras do Parque 18 de Maio, lojistas, empres\u00e1rios, secretarias municipais, al\u00e9m das pol\u00edcias Civil e Militar.<\/p>\n<p style=\"text-align: justify;\">De acordo com o secret\u00e1rio de Servi\u00e7os P\u00fablicos e Sustentabilidade de Caruaru, Ytalo Farias, o calend\u00e1rio representa a coopera\u00e7\u00e3o de todos os departamentos e institui\u00e7\u00f5es envolvidas com a Feira da Sulanca.<\/p>\n<p style=\"text-align: justify;\"><strong>Confira o calend\u00e1rio<\/strong><\/p>\n\n\n<figure class=\"wp-block-image size-large\"><img loading=\"lazy\" decoding=\"async\" width=\"827\" height=\"1024\" src=\"https:\/\/blogdoedvaldomagalhaes.com.br\/wp-content\/uploads\/2021\/10\/IMG-20211015-WA0104-827x1024.jpg\" alt=\"\" class=\"wp-image-76087\" srcset=\"https:\/\/blogdoedvaldomagalhaes.com.br\/wp-content\/uploads\/2021\/10\/IMG-20211015-WA0104-827x1024.jpg 827w, https:\/\/blogdoedvaldomagalhaes.com.br\/wp-content\/uploads\/2021\/10\/IMG-20211015-WA0104-242x300.jpg 242w, https:\/\/blogdoedvaldomagalhaes.com.br\/wp-content\/uploads\/2021\/10\/IMG-20211015-WA0104-768x951.jpg 768w, https:\/\/blogdoedvaldomagalhaes.com.br\/wp-content\/uploads\/2021\/10\/IMG-20211015-WA0104.jpg 930w\" sizes=\"auto, (max-width: 827px) 100vw, 827px\" \/><\/figure>\n","protected":false},"excerpt":{"rendered":"<p>Divulgado nesta sexta-feira (15), o calend\u00e1rio com as datas de realiza\u00e7\u00e3o da Feira da Sulanca nos \u00faltimos dois meses de&hellip;<\/p>\n","protected":false},"author":1,"featured_media":76088,"comment_status":"open","ping_status":"open","sticky":false,"template":"","format":"standard","meta":{"footnotes":""},"categories":[1],"tags":[2,19532,3406,23120,6],"class_list":["post-76086","post","type-post","status-publish","format-standard","has-post-thumbnail","hentry","category-sem-categoria","tag-blog-do-edvaldo-magalhaes","tag-blog-mais-acessado-e-visualizado-de-caruaru-e-regiao","tag-caruaru","tag-feira-da-sulanca-de-caruaru-sera-aos-domingos-e-segundas-feiras-em-novembro-e-dezembro","tag-noticias"],"_links":{"self":[{"href":"https:\/\/blogdoedvaldomagalhaes.com.br\/index.php\/wp-json\/wp\/v2\/posts\/76086","targetHints":{"allow":["GET"]}}],"collection":[{"href":"https:\/\/blogdoedvaldomagalhaes.com.br\/index.php\/wp-json\/wp\/v2\/posts"}],"about":[{"href":"https:\/\/blogdoedvaldomagalhaes.com.br\/index.php\/wp-json\/wp\/v2\/types\/post"}],"author":[{"embeddable":true,"href":"https:\/\/blogdoedvaldomagalhaes.com.br\/index.php\/wp-json\/wp\/v2\/users\/1"}],"replies":[{"embeddable":true,"href":"https:\/\/blogdoedvaldomagalhaes.com.br\/index.php\/wp-json\/wp\/v2\/comments?post=76086"}],"version-history":[{"count":1,"href":"https:\/\/blogdoedvaldomagalhaes.com.br\/index.php\/wp-json\/wp\/v2\/posts\/76086\/revisions"}],"predecessor-version":[{"id":76089,"href":"https:\/\/blogdoedvaldomagalhaes.com.br\/index.php\/wp-json\/wp\/v2\/posts\/76086\/revisions\/76089"}],"wp:featuredmedia":[{"embeddable":true,"href":"https:\/\/blogdoedvaldomagalhaes.com.br\/index.php\/wp-json\/wp\/v2\/media\/76088"}],"wp:attachment":[{"href":"https:\/\/blogdoedvaldomagalhaes.com.br\/index.php\/wp-json\/wp\/v2\/media?parent=76086"}],"wp:term":[{"taxonomy":"category","embeddable":true,"href":"https:\/\/blogdoedvaldomagalhaes.com.br\/index.php\/wp-json\/wp\/v2\/categories?post=76086"},{"taxonomy":"post_tag","embeddable":true,"href":"https:\/\/blogdoedvaldomagalhaes.com.br\/index.php\/wp-json\/wp\/v2\/tags?post=76086"}],"curies":[{"name":"wp","href":"https:\/\/api.w.org\/{rel}","templated":true}]}}