{"id":76082,"date":"2021-10-15T10:46:49","date_gmt":"2021-10-15T13:46:49","guid":{"rendered":"https:\/\/blogdoedvaldomagalhaes.com.br\/?p=76082"},"modified":"2021-10-15T10:46:50","modified_gmt":"2021-10-15T13:46:50","slug":"vereador-jorge-quintino-cobra-concursos-publicos-e-selecao-para-diretores-municipais-durante-sessao","status":"publish","type":"post","link":"https:\/\/blogdoedvaldomagalhaes.com.br\/index.php\/2021\/10\/15\/vereador-jorge-quintino-cobra-concursos-publicos-e-selecao-para-diretores-municipais-durante-sessao\/","title":{"rendered":"Vereador Jorge Quintino cobra concursos p\u00fablicos e sele\u00e7\u00e3o para diretores municipais durante Sess\u00e3o"},"content":{"rendered":"<p style=\"text-align: justify;\"><span style=\"font-size: inherit;\">&#8220;N\u00e3o existe doc\u00eancia sem disc\u00eancia\u201d, foi assim que o vereador Jorge Quintino come\u00e7ou seu discurso, na Sess\u00e3o Ordin\u00e1ria desta quinta-feira (14) citando a frase do educador Paulo Reglus Neves Freire.<\/span><\/p>\n<p style=\"text-align: justify;\">\u201cEu acredito muito na educa\u00e7\u00e3o p\u00fablica mas duas coisas precisam acontecer para haver de fato, uma revolu\u00e7\u00e3o em na educa\u00e7\u00e3o em Caruaru: concursos p\u00fablicos e sele\u00e7\u00e3o para diretores nas escolas\u201d, pontuou o vereador.<\/p>\n<p style=\"text-align: justify;\">Ainda durante a Sess\u00e3o, o vereador disse que enviou um requerimento ao Executivo solicitando um \u201cb\u00f4nus livro\u201d como forma de estimular a educa\u00e7\u00e3o municipal e o aperfei\u00e7oamento dos profissionais de educa\u00e7\u00e3o do munic\u00edpio.<\/p>\n<p style=\"text-align: justify;\">\u201cSolicitei que seja concedido aos profissionais de ensino da rede municipal, um \u201cb\u00f4nus livro\u201d no valor de R$ 1.000,00 (mil reais) que dever\u00e1 ser pago na folha \u00e0 parte para aquisi\u00e7\u00e3o de livros e materiais did\u00e1ticos pelos profissionais durante realiza\u00e7\u00e3o de feiras e encontros\u201d, disse Jorge.<\/p>\n<p style=\"text-align: justify;\">O vereador finalizou seu discurso dizendo que investir nos professores \u00e9 investir na educa\u00e7\u00e3o e investir na educa\u00e7\u00e3o \u00e9 a certeza de um futuro mais prospero.<\/p>\n","protected":false},"excerpt":{"rendered":"<p>&#8220;N\u00e3o existe doc\u00eancia sem disc\u00eancia\u201d, foi assim que o vereador Jorge Quintino come\u00e7ou seu discurso, na Sess\u00e3o Ordin\u00e1ria desta quinta-feira&hellip;<\/p>\n","protected":false},"author":1,"featured_media":76083,"comment_status":"open","ping_status":"open","sticky":false,"template":"","format":"standard","meta":{"footnotes":""},"categories":[14122],"tags":[2,19532,3406,6,23119],"class_list":["post-76082","post","type-post","status-publish","format-standard","has-post-thumbnail","hentry","category-politica","tag-blog-do-edvaldo-magalhaes","tag-blog-mais-acessado-e-visualizado-de-caruaru-e-regiao","tag-caruaru","tag-noticias","tag-vereador-jorge-quintino-cobra-concursos-publicos-e-selecao-para-diretores-municipais-durante-sessao"],"_links":{"self":[{"href":"https:\/\/blogdoedvaldomagalhaes.com.br\/index.php\/wp-json\/wp\/v2\/posts\/76082","targetHints":{"allow":["GET"]}}],"collection":[{"href":"https:\/\/blogdoedvaldomagalhaes.com.br\/index.php\/wp-json\/wp\/v2\/posts"}],"about":[{"href":"https:\/\/blogdoedvaldomagalhaes.com.br\/index.php\/wp-json\/wp\/v2\/types\/post"}],"author":[{"embeddable":true,"href":"https:\/\/blogdoedvaldomagalhaes.com.br\/index.php\/wp-json\/wp\/v2\/users\/1"}],"replies":[{"embeddable":true,"href":"https:\/\/blogdoedvaldomagalhaes.com.br\/index.php\/wp-json\/wp\/v2\/comments?post=76082"}],"version-history":[{"count":1,"href":"https:\/\/blogdoedvaldomagalhaes.com.br\/index.php\/wp-json\/wp\/v2\/posts\/76082\/revisions"}],"predecessor-version":[{"id":76084,"href":"https:\/\/blogdoedvaldomagalhaes.com.br\/index.php\/wp-json\/wp\/v2\/posts\/76082\/revisions\/76084"}],"wp:featuredmedia":[{"embeddable":true,"href":"https:\/\/blogdoedvaldomagalhaes.com.br\/index.php\/wp-json\/wp\/v2\/media\/76083"}],"wp:attachment":[{"href":"https:\/\/blogdoedvaldomagalhaes.com.br\/index.php\/wp-json\/wp\/v2\/media?parent=76082"}],"wp:term":[{"taxonomy":"category","embeddable":true,"href":"https:\/\/blogdoedvaldomagalhaes.com.br\/index.php\/wp-json\/wp\/v2\/categories?post=76082"},{"taxonomy":"post_tag","embeddable":true,"href":"https:\/\/blogdoedvaldomagalhaes.com.br\/index.php\/wp-json\/wp\/v2\/tags?post=76082"}],"curies":[{"name":"wp","href":"https:\/\/api.w.org\/{rel}","templated":true}]}}