{"id":76078,"date":"2021-10-15T09:44:42","date_gmt":"2021-10-15T12:44:42","guid":{"rendered":"https:\/\/blogdoedvaldomagalhaes.com.br\/?p=76078"},"modified":"2021-10-15T09:44:44","modified_gmt":"2021-10-15T12:44:44","slug":"animais-vitimas-de-maus-tratos-foram-apreendidos-em-caruaru","status":"publish","type":"post","link":"https:\/\/blogdoedvaldomagalhaes.com.br\/index.php\/2021\/10\/15\/animais-vitimas-de-maus-tratos-foram-apreendidos-em-caruaru\/","title":{"rendered":"Animais v\u00edtimas de maus tratos foram apreendidos em Caruaru"},"content":{"rendered":"<p style=\"text-align: justify;\"><span style=\"font-size: inherit;\">Na manh\u00e3 dessa quinta(14), policiais militares do 1\u00baBIEsp, foram acionados pela \u201cAME\u201d, \u00f3rg\u00e3o municipal de prote\u00e7\u00e3o de animais, para verificar uma situa\u00e7\u00e3o de maus-tratos de animais. Ao chegar no local, foi constatada a veracidade da den\u00fancia e encontrado 4 cachorros e 65 su\u00ednos, todos em p\u00e9ssimas condi\u00e7\u00f5es. Imediatamente, os cachorros foram levados pra AME e os su\u00ednos foram encaminhados para o setor C da prefeitura. O efetivo tomou ci\u00eancia de quem seria o suspeito pelos maus tratos e efetuou dilig\u00eancias em sua procura, mas n\u00e3o logrou \u00eaxito.<\/span><\/p>\n<p style=\"text-align: justify;\">Diante dos fatos, a ocorr\u00eancia foi encaminhada para a Delegacia de Plant\u00e3o para ado\u00e7\u00e3o das medidas cab\u00edveis.<\/p>\n\n\n<figure class=\"wp-block-image size-large\"><img loading=\"lazy\" decoding=\"async\" width=\"1024\" height=\"769\" src=\"https:\/\/blogdoedvaldomagalhaes.com.br\/wp-content\/uploads\/2021\/10\/IMG-20211015-WA0061-1024x769.jpg\" alt=\"\" class=\"wp-image-76080\" srcset=\"https:\/\/blogdoedvaldomagalhaes.com.br\/wp-content\/uploads\/2021\/10\/IMG-20211015-WA0061-1024x769.jpg 1024w, https:\/\/blogdoedvaldomagalhaes.com.br\/wp-content\/uploads\/2021\/10\/IMG-20211015-WA0061-300x225.jpg 300w, https:\/\/blogdoedvaldomagalhaes.com.br\/wp-content\/uploads\/2021\/10\/IMG-20211015-WA0061-768x576.jpg 768w, https:\/\/blogdoedvaldomagalhaes.com.br\/wp-content\/uploads\/2021\/10\/IMG-20211015-WA0061-1536x1153.jpg 1536w, https:\/\/blogdoedvaldomagalhaes.com.br\/wp-content\/uploads\/2021\/10\/IMG-20211015-WA0061-160x120.jpg 160w, https:\/\/blogdoedvaldomagalhaes.com.br\/wp-content\/uploads\/2021\/10\/IMG-20211015-WA0061.jpg 1600w\" sizes=\"auto, (max-width: 1024px) 100vw, 1024px\" \/><\/figure>\n","protected":false},"excerpt":{"rendered":"<p>Na manh\u00e3 dessa quinta(14), policiais militares do 1\u00baBIEsp, foram acionados pela \u201cAME\u201d, \u00f3rg\u00e3o municipal de prote\u00e7\u00e3o de animais, para verificar&hellip;<\/p>\n","protected":false},"author":1,"featured_media":76079,"comment_status":"open","ping_status":"open","sticky":false,"template":"","format":"standard","meta":{"footnotes":""},"categories":[14121],"tags":[23118,2,19532,3406,6],"class_list":["post-76078","post","type-post","status-publish","format-standard","has-post-thumbnail","hentry","category-policial","tag-animais-vitimas-de-maus-tratos-foram-apreendidos-em-caruaru","tag-blog-do-edvaldo-magalhaes","tag-blog-mais-acessado-e-visualizado-de-caruaru-e-regiao","tag-caruaru","tag-noticias"],"_links":{"self":[{"href":"https:\/\/blogdoedvaldomagalhaes.com.br\/index.php\/wp-json\/wp\/v2\/posts\/76078","targetHints":{"allow":["GET"]}}],"collection":[{"href":"https:\/\/blogdoedvaldomagalhaes.com.br\/index.php\/wp-json\/wp\/v2\/posts"}],"about":[{"href":"https:\/\/blogdoedvaldomagalhaes.com.br\/index.php\/wp-json\/wp\/v2\/types\/post"}],"author":[{"embeddable":true,"href":"https:\/\/blogdoedvaldomagalhaes.com.br\/index.php\/wp-json\/wp\/v2\/users\/1"}],"replies":[{"embeddable":true,"href":"https:\/\/blogdoedvaldomagalhaes.com.br\/index.php\/wp-json\/wp\/v2\/comments?post=76078"}],"version-history":[{"count":1,"href":"https:\/\/blogdoedvaldomagalhaes.com.br\/index.php\/wp-json\/wp\/v2\/posts\/76078\/revisions"}],"predecessor-version":[{"id":76081,"href":"https:\/\/blogdoedvaldomagalhaes.com.br\/index.php\/wp-json\/wp\/v2\/posts\/76078\/revisions\/76081"}],"wp:featuredmedia":[{"embeddable":true,"href":"https:\/\/blogdoedvaldomagalhaes.com.br\/index.php\/wp-json\/wp\/v2\/media\/76079"}],"wp:attachment":[{"href":"https:\/\/blogdoedvaldomagalhaes.com.br\/index.php\/wp-json\/wp\/v2\/media?parent=76078"}],"wp:term":[{"taxonomy":"category","embeddable":true,"href":"https:\/\/blogdoedvaldomagalhaes.com.br\/index.php\/wp-json\/wp\/v2\/categories?post=76078"},{"taxonomy":"post_tag","embeddable":true,"href":"https:\/\/blogdoedvaldomagalhaes.com.br\/index.php\/wp-json\/wp\/v2\/tags?post=76078"}],"curies":[{"name":"wp","href":"https:\/\/api.w.org\/{rel}","templated":true}]}}