{"id":76073,"date":"2021-10-15T08:06:06","date_gmt":"2021-10-15T11:06:06","guid":{"rendered":"https:\/\/blogdoedvaldomagalhaes.com.br\/?p=76073"},"modified":"2021-10-15T11:35:06","modified_gmt":"2021-10-15T14:35:06","slug":"compesa-suspende-abastecimento-de-aguia-apos-incendio-na-estacao-elevatoria-de-jucazinho","status":"publish","type":"post","link":"https:\/\/blogdoedvaldomagalhaes.com.br\/index.php\/2021\/10\/15\/compesa-suspende-abastecimento-de-aguia-apos-incendio-na-estacao-elevatoria-de-jucazinho\/","title":{"rendered":"Compesa suspende abastecimento de \u00e1gua ap\u00f3s inc\u00eandio na Esta\u00e7\u00e3o Elevat\u00f3ria de Jucazinho"},"content":{"rendered":"<p style=\"text-align: justify;\"><span style=\"font-size: inherit;\">A Compesa informa que ap\u00f3s um inc\u00eandio nos quadros de energia da subesta\u00e7\u00e3o da Esta\u00e7\u00e3o Elevat\u00f3ria de \u00c1gua Bruta 1 de Jucazinho, o abastecimento est\u00e1 temporariamente suspenso nas cidades de Surubim, Casinhas, Santa Maria do Cambuc\u00e1, Vertentes do L\u00e9rio, Toritama, Frei Miguelinho, Vertentes, Salgadinho, Cumaru, Passira, Riacho das Almas, Bezerros, Gravat\u00e1.<\/span><\/p>\n<p style=\"text-align: justify;\">Al\u00e9m disso, os seguintes bairros de Caruaru est\u00e3o sendo afetados: Salgado e S\u00e3o Jo\u00e3o da Esc\u00f3cia (parte alta), Monte Carmelo, Lagoa do Algod\u00e3o, Quintas da Colina, Rendeiras (parte baixa), Morada Nova, Gon\u00e7alves Ferreira, Inocoop (parte baixa), Cedro, Fernando Lira, Luiz Gonzaga, Jardins dos Coqueiros, Portal do Sol, Acau\u00e3, Jos\u00e9 Liberato e Contendas e Rafael (Lado A), Riacho Doce, Lajes e Ju\u00e1 (parte alta).<\/p>\n<p style=\"text-align: justify;\">A Companhia informa, ainda, que est\u00e1 trabalhando para reestabelecer o abastecimento o mais breve poss\u00edvel, por\u00e9m, a previs\u00e3o inicial \u00e9 de que a distribui\u00e7\u00e3o seja retomada no dia 21\/10, conforme o calend\u00e1rio de cada localidade.<\/p>\n","protected":false},"excerpt":{"rendered":"<p>A Compesa informa que ap\u00f3s um inc\u00eandio nos quadros de energia da subesta\u00e7\u00e3o da Esta\u00e7\u00e3o Elevat\u00f3ria de \u00c1gua Bruta 1&hellip;<\/p>\n","protected":false},"author":1,"featured_media":76074,"comment_status":"open","ping_status":"open","sticky":false,"template":"","format":"standard","meta":{"footnotes":""},"categories":[14120],"tags":[2,19532,3406,23117,2252],"class_list":["post-76073","post","type-post","status-publish","format-standard","has-post-thumbnail","hentry","category-noticias","tag-blog-do-edvaldo-magalhaes","tag-blog-mais-acessado-e-visualizado-de-caruaru-e-regiao","tag-caruaru","tag-compesa-suspende-abastecimento-de-aguia-apos-incendio-na-estacao-elevatoria-de-jucazinho","tag-noticia"],"_links":{"self":[{"href":"https:\/\/blogdoedvaldomagalhaes.com.br\/index.php\/wp-json\/wp\/v2\/posts\/76073","targetHints":{"allow":["GET"]}}],"collection":[{"href":"https:\/\/blogdoedvaldomagalhaes.com.br\/index.php\/wp-json\/wp\/v2\/posts"}],"about":[{"href":"https:\/\/blogdoedvaldomagalhaes.com.br\/index.php\/wp-json\/wp\/v2\/types\/post"}],"author":[{"embeddable":true,"href":"https:\/\/blogdoedvaldomagalhaes.com.br\/index.php\/wp-json\/wp\/v2\/users\/1"}],"replies":[{"embeddable":true,"href":"https:\/\/blogdoedvaldomagalhaes.com.br\/index.php\/wp-json\/wp\/v2\/comments?post=76073"}],"version-history":[{"count":3,"href":"https:\/\/blogdoedvaldomagalhaes.com.br\/index.php\/wp-json\/wp\/v2\/posts\/76073\/revisions"}],"predecessor-version":[{"id":76085,"href":"https:\/\/blogdoedvaldomagalhaes.com.br\/index.php\/wp-json\/wp\/v2\/posts\/76073\/revisions\/76085"}],"wp:featuredmedia":[{"embeddable":true,"href":"https:\/\/blogdoedvaldomagalhaes.com.br\/index.php\/wp-json\/wp\/v2\/media\/76074"}],"wp:attachment":[{"href":"https:\/\/blogdoedvaldomagalhaes.com.br\/index.php\/wp-json\/wp\/v2\/media?parent=76073"}],"wp:term":[{"taxonomy":"category","embeddable":true,"href":"https:\/\/blogdoedvaldomagalhaes.com.br\/index.php\/wp-json\/wp\/v2\/categories?post=76073"},{"taxonomy":"post_tag","embeddable":true,"href":"https:\/\/blogdoedvaldomagalhaes.com.br\/index.php\/wp-json\/wp\/v2\/tags?post=76073"}],"curies":[{"name":"wp","href":"https:\/\/api.w.org\/{rel}","templated":true}]}}