{"id":760,"date":"2018-11-09T10:27:00","date_gmt":"2018-11-09T12:27:00","guid":{"rendered":"http:\/\/blogdoedvaldomagalhaes.com.br\/index.php\/2018\/11\/09\/carga-de-carne-avaliada-em-400-mi\/"},"modified":"2019-02-09T02:38:50","modified_gmt":"2019-02-09T04:38:50","slug":"carga-de-carne-avaliada-em-400-mi","status":"publish","type":"post","link":"https:\/\/blogdoedvaldomagalhaes.com.br\/index.php\/2018\/11\/09\/carga-de-carne-avaliada-em-400-mi\/","title":{"rendered":"Carga de carne avaliada em 400 mil reais \u00e9 recuperada pela pol\u00edcia em Caruaru"},"content":{"rendered":"<div class=\"separator\" style=\"clear: both; text-align: center;\">\n<a href=\"https:\/\/4.bp.blogspot.com\/-u1B39pOK1Eo\/W-Vgu5LGDNI\/AAAAAAAA9LI\/gvVS5QnMcCYGyUPGBEaCW-zD2RC-lUZQACLcBGAs\/s1600\/sim%2B2.jpg\" imageanchor=\"1\" style=\"margin-left: 1em; margin-right: 1em;\"><img loading=\"lazy\" decoding=\"async\" border=\"0\" data-original-height=\"560\" data-original-width=\"960\" height=\"370\" src=\"http:\/\/blogdoedvaldomagalhaes.com.br\/wp-content\/uploads\/2018\/11\/sim2.jpg\" width=\"640\" \/><\/a><\/div>\n<p><\/p>\n<div class=\"separator\" style=\"clear: both; text-align: center;\">\n<a href=\"https:\/\/4.bp.blogspot.com\/-F3JniAWUs8c\/W-VgxGBBpsI\/AAAAAAAA9LM\/XavXwTfRbIgKs27k_zkvrVx0aFwFadq1ACLcBGAs\/s1600\/sim%2B1.jpg\" imageanchor=\"1\" style=\"margin-left: 1em; margin-right: 1em;\"><img loading=\"lazy\" decoding=\"async\" border=\"0\" data-original-height=\"539\" data-original-width=\"960\" height=\"354\" src=\"http:\/\/blogdoedvaldomagalhaes.com.br\/wp-content\/uploads\/2018\/11\/sim1.jpg\" width=\"640\" \/><\/a><\/div>\n<p><\/p>\n<div class=\"separator\" style=\"clear: both; text-align: center;\">\n<a href=\"https:\/\/1.bp.blogspot.com\/-vF1lWzP3oKE\/W-Vg1ApJnFI\/AAAAAAAA9LQ\/PFLlKGw-EhEa5E8ubVjd298yFaEvUsyfACLcBGAs\/s1600\/sim.jpg\" imageanchor=\"1\" style=\"margin-left: 1em; margin-right: 1em;\"><img loading=\"lazy\" decoding=\"async\" border=\"0\" data-original-height=\"539\" data-original-width=\"960\" height=\"354\" src=\"http:\/\/blogdoedvaldomagalhaes.com.br\/wp-content\/uploads\/2018\/11\/sim.jpg\" width=\"640\" \/><\/a><\/div>\n<div class=\"separator\" style=\"clear: both; text-align: center;\">\nFotos: Na Mira da Not\u00edcias<\/div>\n<div style=\"text-align: justify;\">\n<\/div>\n<div style=\"text-align: justify;\">\nUma carga de carne avaliada em 400 mil reais foi recuperada pela Pol\u00edcia Militar, na noite desta quinta-feira (08), na BR-232, pr\u00f3ximo da entrada do Distrito Industrial. Um ve\u00edculo Hilux estava dando apoio ao caminh\u00e3o e os ocupantes trocaram tiros com a pol\u00edcia. Um suspeito foi preso e dois conseguiram fugir. Foram mobilizadas viaturas do 4\u00ba BPM e do BIEsp, al\u00e9m da Pol\u00edcia Rodovi\u00e1ria Federal (PRF). A carreta feio da Bahia e foi tomada de assalto em S\u00e3o Caetano.<\/p>\n<p>Informa\u00e7\u00f5es da R\u00e1dio Liberdade.<\/p><\/div>\n","protected":false},"excerpt":{"rendered":"<p>Fotos: Na Mira da Not\u00edcias Uma carga de carne avaliada em 400 mil reais foi recuperada pela Pol\u00edcia Militar, na&hellip;<\/p>\n","protected":false},"author":1,"featured_media":0,"comment_status":"open","ping_status":"open","sticky":false,"template":"","format":"standard","meta":{"footnotes":""},"categories":[1],"tags":[2,702,13],"class_list":["post-760","post","type-post","status-publish","format-standard","hentry","category-sem-categoria","tag-blog-do-edvaldo-magalhaes","tag-carga-de-carne-avaliada-em-400-mil-reais-e-recuperada-pela-policia-em-caruaru","tag-policial"],"_links":{"self":[{"href":"https:\/\/blogdoedvaldomagalhaes.com.br\/index.php\/wp-json\/wp\/v2\/posts\/760","targetHints":{"allow":["GET"]}}],"collection":[{"href":"https:\/\/blogdoedvaldomagalhaes.com.br\/index.php\/wp-json\/wp\/v2\/posts"}],"about":[{"href":"https:\/\/blogdoedvaldomagalhaes.com.br\/index.php\/wp-json\/wp\/v2\/types\/post"}],"author":[{"embeddable":true,"href":"https:\/\/blogdoedvaldomagalhaes.com.br\/index.php\/wp-json\/wp\/v2\/users\/1"}],"replies":[{"embeddable":true,"href":"https:\/\/blogdoedvaldomagalhaes.com.br\/index.php\/wp-json\/wp\/v2\/comments?post=760"}],"version-history":[{"count":1,"href":"https:\/\/blogdoedvaldomagalhaes.com.br\/index.php\/wp-json\/wp\/v2\/posts\/760\/revisions"}],"predecessor-version":[{"id":35652,"href":"https:\/\/blogdoedvaldomagalhaes.com.br\/index.php\/wp-json\/wp\/v2\/posts\/760\/revisions\/35652"}],"wp:attachment":[{"href":"https:\/\/blogdoedvaldomagalhaes.com.br\/index.php\/wp-json\/wp\/v2\/media?parent=760"}],"wp:term":[{"taxonomy":"category","embeddable":true,"href":"https:\/\/blogdoedvaldomagalhaes.com.br\/index.php\/wp-json\/wp\/v2\/categories?post=760"},{"taxonomy":"post_tag","embeddable":true,"href":"https:\/\/blogdoedvaldomagalhaes.com.br\/index.php\/wp-json\/wp\/v2\/tags?post=760"}],"curies":[{"name":"wp","href":"https:\/\/api.w.org\/{rel}","templated":true}]}}