{"id":76,"date":"2019-01-31T21:31:00","date_gmt":"2019-01-31T23:31:00","guid":{"rendered":"http:\/\/blogdoedvaldomagalhaes.com.br\/index.php\/2019\/01\/31\/homem-assassinado-tiros-em-caruaru\/"},"modified":"2019-02-09T02:51:33","modified_gmt":"2019-02-09T04:51:33","slug":"homem-assassinado-tiros-em-caruaru","status":"publish","type":"post","link":"https:\/\/blogdoedvaldomagalhaes.com.br\/index.php\/2019\/01\/31\/homem-assassinado-tiros-em-caruaru\/","title":{"rendered":"Homem assassinado a tiros em Caruaru nesta quinta-feira (31)"},"content":{"rendered":"<div class=\"separator\" style=\"clear: both; text-align: center;\">\n<a href=\"https:\/\/2.bp.blogspot.com\/-Ysrvx7e4HIA\/XFNnnJig1qI\/AAAAAAABB14\/tO44KVnDD0YhH9hmWehMuYtNPx2bBnm8gCLcBGAs\/s1600\/IMG-20190131-WA0188.jpg\" imageanchor=\"1\" style=\"margin-left: 1em; margin-right: 1em;\"><img loading=\"lazy\" decoding=\"async\" border=\"0\" data-original-height=\"1032\" data-original-width=\"581\" height=\"640\" src=\"http:\/\/blogdoedvaldomagalhaes.com.br\/wp-content\/uploads\/2019\/01\/IMG-20190131-WA0188.jpg\" width=\"360\" \/><\/a><\/div>\n<div class=\"separator\" style=\"clear: both; text-align: center;\">\nFoto: Reprodu\u00e7\u00e3o\/Whatsapp&nbsp;<\/div>\n<div style=\"text-align: justify;\">\nO ex-presidi\u00e1rio Leandro Batista de Oliveira, de 25 anos de idade, trabalhava em um lava jato, foi assassinado a tiros, no bairro S\u00e3o Jo\u00e3o da Esc\u00f3cia&nbsp; em Caruaru. Leandro teve passagens pela pol\u00edcia, acusado de roubo e tr\u00e1fico de drogas.<\/p>\n<\/div>\n<div style=\"text-align: justify;\">\n<div class=\"separator\" style=\"clear: both; text-align: center;\">\n<a href=\"https:\/\/1.bp.blogspot.com\/-yCL9Ra9GSeA\/XFOSRj23eMI\/AAAAAAABB28\/ZgnMEY-7Sv4e-2Ac4D5C1lyagUg_R5muwCLcBGAs\/s1600\/IMG-20190131-WA0203.jpg\" imageanchor=\"1\" style=\"margin-left: 1em; margin-right: 1em;\"><img loading=\"lazy\" decoding=\"async\" border=\"0\" data-original-height=\"181\" data-original-width=\"236\" height=\"490\" src=\"http:\/\/blogdoedvaldomagalhaes.com.br\/wp-content\/uploads\/2019\/01\/IMG-20190131-WA0203.jpg\" width=\"640\" \/><\/a><\/div>\n<div class=\"separator\" style=\"clear: both; text-align: center;\">\nFoto da v\u00edtima&nbsp;<\/div>\n<p><\/div>\n<div style=\"text-align: justify;\">\nEste foi o 14\u00b0 homic\u00eddio no ano de 2019, em Caruaru.<\/div>\n<div style=\"text-align: justify;\">\n<\/div>\n","protected":false},"excerpt":{"rendered":"<p>Foto: Reprodu\u00e7\u00e3o\/Whatsapp&nbsp; O ex-presidi\u00e1rio Leandro Batista de Oliveira, de 25 anos de idade, trabalhava em um lava jato, foi assassinado&hellip;<\/p>\n","protected":false},"author":1,"featured_media":0,"comment_status":"open","ping_status":"open","sticky":false,"template":"","format":"standard","meta":{"footnotes":""},"categories":[1],"tags":[2,83,13],"class_list":["post-76","post","type-post","status-publish","format-standard","hentry","category-sem-categoria","tag-blog-do-edvaldo-magalhaes","tag-homem-assassinado-a-tiros-em-caruaru-nesta-quinta-feira-31","tag-policial"],"_links":{"self":[{"href":"https:\/\/blogdoedvaldomagalhaes.com.br\/index.php\/wp-json\/wp\/v2\/posts\/76","targetHints":{"allow":["GET"]}}],"collection":[{"href":"https:\/\/blogdoedvaldomagalhaes.com.br\/index.php\/wp-json\/wp\/v2\/posts"}],"about":[{"href":"https:\/\/blogdoedvaldomagalhaes.com.br\/index.php\/wp-json\/wp\/v2\/types\/post"}],"author":[{"embeddable":true,"href":"https:\/\/blogdoedvaldomagalhaes.com.br\/index.php\/wp-json\/wp\/v2\/users\/1"}],"replies":[{"embeddable":true,"href":"https:\/\/blogdoedvaldomagalhaes.com.br\/index.php\/wp-json\/wp\/v2\/comments?post=76"}],"version-history":[{"count":1,"href":"https:\/\/blogdoedvaldomagalhaes.com.br\/index.php\/wp-json\/wp\/v2\/posts\/76\/revisions"}],"predecessor-version":[{"id":37884,"href":"https:\/\/blogdoedvaldomagalhaes.com.br\/index.php\/wp-json\/wp\/v2\/posts\/76\/revisions\/37884"}],"wp:attachment":[{"href":"https:\/\/blogdoedvaldomagalhaes.com.br\/index.php\/wp-json\/wp\/v2\/media?parent=76"}],"wp:term":[{"taxonomy":"category","embeddable":true,"href":"https:\/\/blogdoedvaldomagalhaes.com.br\/index.php\/wp-json\/wp\/v2\/categories?post=76"},{"taxonomy":"post_tag","embeddable":true,"href":"https:\/\/blogdoedvaldomagalhaes.com.br\/index.php\/wp-json\/wp\/v2\/tags?post=76"}],"curies":[{"name":"wp","href":"https:\/\/api.w.org\/{rel}","templated":true}]}}