{"id":75945,"date":"2021-10-13T09:12:52","date_gmt":"2021-10-13T12:12:52","guid":{"rendered":"https:\/\/blogdoedvaldomagalhaes.com.br\/?p=75945"},"modified":"2021-10-13T09:18:10","modified_gmt":"2021-10-13T12:18:10","slug":"viaduto-da-serra-das-russas-recebe-acoes-de-recuperacao-estrutural","status":"publish","type":"post","link":"https:\/\/blogdoedvaldomagalhaes.com.br\/index.php\/2021\/10\/13\/viaduto-da-serra-das-russas-recebe-acoes-de-recuperacao-estrutural\/","title":{"rendered":"Viaduto da Serra das Russas recebe a\u00e7\u00f5es de recupera\u00e7\u00e3o estrutural"},"content":{"rendered":"<p style=\"text-align: justify;\"><span style=\"font-size: inherit;\">O Departamento de Estradas de Rodagem (DER) deu in\u00edcio, na manh\u00e3 desta quarta-feira (13), \u00e0s obras de recupera\u00e7\u00e3o estrutural do Viaduto da Serra das Russas, nas imedia\u00e7\u00f5es do Km 65,5 da BR-232, na altura da cidade de Gravat\u00e1. O equipamento, que tem 450 metros de extens\u00e3o e 50 metros de altura, receber\u00e1 os servi\u00e7os de substitui\u00e7\u00e3o das juntas de dilata\u00e7\u00e3o e implanta\u00e7\u00e3o de gradil de prote\u00e7\u00e3o. A iniciativa faz parte do Programa Caminhos de Pernambuco, coordenado pela Secretaria de Infraestrutura e Recursos H\u00eddricos, e conta com investimento em torno de R$ 5 milh\u00f5es.<\/span><\/p>\n<p style=\"text-align: justify;\">A princ\u00edpio, os servi\u00e7os ser\u00e3o executados no lado direito do viaduto. O fluxo nesse trecho ser\u00e1 disciplinado e o tr\u00e1fego restringido \u00e0 faixa do lado esquerdo da pista. Ap\u00f3s conclus\u00e3o dessa etapa, os mesmos trabalhos ser\u00e3o realizados no lado esquerdo do equipamento.<\/p>\n<p style=\"text-align: justify;\">Para permitir o conhecimento pr\u00e9vio das a\u00e7\u00f5es no viaduto e garantir a seguran\u00e7a dos motoristas, o \u00f3rg\u00e3o estadual implantou sinaliza\u00e7\u00e3o diurna e noturna, al\u00e9m de ilumina\u00e7\u00e3o em LED, a dist\u00e2ncia de 1 km que antecede o in\u00edcio dos servi\u00e7os. A expectativa \u00e9 que as obras sejam conclu\u00eddas em oito meses.<\/p>\n\n\n<figure class=\"wp-block-image size-large\"><img loading=\"lazy\" decoding=\"async\" width=\"1024\" height=\"576\" src=\"https:\/\/blogdoedvaldomagalhaes.com.br\/wp-content\/uploads\/2021\/10\/IMG-20211013-WA0070-1024x576.jpg\" alt=\"\" class=\"wp-image-75948\" srcset=\"https:\/\/blogdoedvaldomagalhaes.com.br\/wp-content\/uploads\/2021\/10\/IMG-20211013-WA0070-1024x576.jpg 1024w, https:\/\/blogdoedvaldomagalhaes.com.br\/wp-content\/uploads\/2021\/10\/IMG-20211013-WA0070-300x169.jpg 300w, https:\/\/blogdoedvaldomagalhaes.com.br\/wp-content\/uploads\/2021\/10\/IMG-20211013-WA0070-768x432.jpg 768w, https:\/\/blogdoedvaldomagalhaes.com.br\/wp-content\/uploads\/2021\/10\/IMG-20211013-WA0070-1140x641.jpg 1140w, https:\/\/blogdoedvaldomagalhaes.com.br\/wp-content\/uploads\/2021\/10\/IMG-20211013-WA0070-720x405.jpg 720w, https:\/\/blogdoedvaldomagalhaes.com.br\/wp-content\/uploads\/2021\/10\/IMG-20211013-WA0070.jpg 1280w\" sizes=\"auto, (max-width: 1024px) 100vw, 1024px\" \/><figcaption>Fotos: Divulga\u00e7\u00e3o<\/figcaption><\/figure>\n","protected":false},"excerpt":{"rendered":"<p>O Departamento de Estradas de Rodagem (DER) deu in\u00edcio, na manh\u00e3 desta quarta-feira (13), \u00e0s obras de recupera\u00e7\u00e3o estrutural do&hellip;<\/p>\n","protected":false},"author":1,"featured_media":75946,"comment_status":"open","ping_status":"open","sticky":false,"template":"","format":"standard","meta":{"footnotes":""},"categories":[14120],"tags":[2,19532,2252,23089],"class_list":["post-75945","post","type-post","status-publish","format-standard","has-post-thumbnail","hentry","category-noticias","tag-blog-do-edvaldo-magalhaes","tag-blog-mais-acessado-e-visualizado-de-caruaru-e-regiao","tag-noticia","tag-viaduto-da-serra-das-russas-recebe-acoes-de-recuperacao-estrutural"],"_links":{"self":[{"href":"https:\/\/blogdoedvaldomagalhaes.com.br\/index.php\/wp-json\/wp\/v2\/posts\/75945","targetHints":{"allow":["GET"]}}],"collection":[{"href":"https:\/\/blogdoedvaldomagalhaes.com.br\/index.php\/wp-json\/wp\/v2\/posts"}],"about":[{"href":"https:\/\/blogdoedvaldomagalhaes.com.br\/index.php\/wp-json\/wp\/v2\/types\/post"}],"author":[{"embeddable":true,"href":"https:\/\/blogdoedvaldomagalhaes.com.br\/index.php\/wp-json\/wp\/v2\/users\/1"}],"replies":[{"embeddable":true,"href":"https:\/\/blogdoedvaldomagalhaes.com.br\/index.php\/wp-json\/wp\/v2\/comments?post=75945"}],"version-history":[{"count":2,"href":"https:\/\/blogdoedvaldomagalhaes.com.br\/index.php\/wp-json\/wp\/v2\/posts\/75945\/revisions"}],"predecessor-version":[{"id":75949,"href":"https:\/\/blogdoedvaldomagalhaes.com.br\/index.php\/wp-json\/wp\/v2\/posts\/75945\/revisions\/75949"}],"wp:featuredmedia":[{"embeddable":true,"href":"https:\/\/blogdoedvaldomagalhaes.com.br\/index.php\/wp-json\/wp\/v2\/media\/75946"}],"wp:attachment":[{"href":"https:\/\/blogdoedvaldomagalhaes.com.br\/index.php\/wp-json\/wp\/v2\/media?parent=75945"}],"wp:term":[{"taxonomy":"category","embeddable":true,"href":"https:\/\/blogdoedvaldomagalhaes.com.br\/index.php\/wp-json\/wp\/v2\/categories?post=75945"},{"taxonomy":"post_tag","embeddable":true,"href":"https:\/\/blogdoedvaldomagalhaes.com.br\/index.php\/wp-json\/wp\/v2\/tags?post=75945"}],"curies":[{"name":"wp","href":"https:\/\/api.w.org\/{rel}","templated":true}]}}