{"id":75942,"date":"2021-10-12T23:26:33","date_gmt":"2021-10-13T02:26:33","guid":{"rendered":"https:\/\/blogdoedvaldomagalhaes.com.br\/?p=75942"},"modified":"2021-10-12T23:26:36","modified_gmt":"2021-10-13T02:26:36","slug":"central-perde-para-juazeirense-pelas-eliminatorias-da-copa-do-nordeste","status":"publish","type":"post","link":"https:\/\/blogdoedvaldomagalhaes.com.br\/index.php\/2021\/10\/12\/central-perde-para-juazeirense-pelas-eliminatorias-da-copa-do-nordeste\/","title":{"rendered":"Central perde para Juazeirense pelas eliminat\u00f3rias da Copa do Nordeste"},"content":{"rendered":"<p style=\"text-align: justify;\">O Central perdeu por 1 a 0 para Juazeirense, pelas eliminat\u00f3rias da Copa do Nordeste, em Juazeiro da Bahia, na noite desta ter\u00e7a-feira (12), e est\u00e1 desclassificado da competi\u00e7\u00e3o. O goleiro do alvinegro caruaruense cometeu um p\u00eanalti, e\u00a0 Eduardo fez o gol aos 20 minutos do 2\u00b0 tempo, para o Can\u00e7\u00e3o.<\/p>\n<p style=\"text-align: justify;\">A Juazeirense continua na competi\u00e7\u00e3o, e vai enfrentar o Ferroviario do Cear\u00e1, na pr\u00f3xima etapa das eliminat\u00f3rias da Copa do Nordeste. J\u00e1 o Central, retorna a cidade de Alian\u00e7a, onde realizou a intertemporada.<\/p>\n","protected":false},"excerpt":{"rendered":"<p>O Central perdeu por 1 a 0 para Juazeirense, pelas eliminat\u00f3rias da Copa do Nordeste, em Juazeiro da Bahia, na&hellip;<\/p>\n","protected":false},"author":1,"featured_media":75943,"comment_status":"open","ping_status":"open","sticky":false,"template":"","format":"standard","meta":{"footnotes":""},"categories":[14124,14123],"tags":[2,19532,3406,23088,6],"class_list":["post-75942","post","type-post","status-publish","format-standard","has-post-thumbnail","hentry","category-centralsc","category-futebol","tag-blog-do-edvaldo-magalhaes","tag-blog-mais-acessado-e-visualizado-de-caruaru-e-regiao","tag-caruaru","tag-central-perde-para-juazeirense-pelas-eliminatorias-da-copa-do-nordeste","tag-noticias"],"_links":{"self":[{"href":"https:\/\/blogdoedvaldomagalhaes.com.br\/index.php\/wp-json\/wp\/v2\/posts\/75942","targetHints":{"allow":["GET"]}}],"collection":[{"href":"https:\/\/blogdoedvaldomagalhaes.com.br\/index.php\/wp-json\/wp\/v2\/posts"}],"about":[{"href":"https:\/\/blogdoedvaldomagalhaes.com.br\/index.php\/wp-json\/wp\/v2\/types\/post"}],"author":[{"embeddable":true,"href":"https:\/\/blogdoedvaldomagalhaes.com.br\/index.php\/wp-json\/wp\/v2\/users\/1"}],"replies":[{"embeddable":true,"href":"https:\/\/blogdoedvaldomagalhaes.com.br\/index.php\/wp-json\/wp\/v2\/comments?post=75942"}],"version-history":[{"count":1,"href":"https:\/\/blogdoedvaldomagalhaes.com.br\/index.php\/wp-json\/wp\/v2\/posts\/75942\/revisions"}],"predecessor-version":[{"id":75944,"href":"https:\/\/blogdoedvaldomagalhaes.com.br\/index.php\/wp-json\/wp\/v2\/posts\/75942\/revisions\/75944"}],"wp:featuredmedia":[{"embeddable":true,"href":"https:\/\/blogdoedvaldomagalhaes.com.br\/index.php\/wp-json\/wp\/v2\/media\/75943"}],"wp:attachment":[{"href":"https:\/\/blogdoedvaldomagalhaes.com.br\/index.php\/wp-json\/wp\/v2\/media?parent=75942"}],"wp:term":[{"taxonomy":"category","embeddable":true,"href":"https:\/\/blogdoedvaldomagalhaes.com.br\/index.php\/wp-json\/wp\/v2\/categories?post=75942"},{"taxonomy":"post_tag","embeddable":true,"href":"https:\/\/blogdoedvaldomagalhaes.com.br\/index.php\/wp-json\/wp\/v2\/tags?post=75942"}],"curies":[{"name":"wp","href":"https:\/\/api.w.org\/{rel}","templated":true}]}}