{"id":75923,"date":"2021-10-12T08:03:58","date_gmt":"2021-10-12T11:03:58","guid":{"rendered":"https:\/\/blogdoedvaldomagalhaes.com.br\/?p=75923"},"modified":"2021-10-12T09:11:10","modified_gmt":"2021-10-12T12:11:10","slug":"confira-a-programacao-da-festa-de-nossa-senhora-aparecida-em-caruaru-nesta-terca-12","status":"publish","type":"post","link":"https:\/\/blogdoedvaldomagalhaes.com.br\/index.php\/2021\/10\/12\/confira-a-programacao-da-festa-de-nossa-senhora-aparecida-em-caruaru-nesta-terca-12\/","title":{"rendered":"Confira a programa\u00e7\u00e3o da Festa de Nossa Senhora Aparecida em Caruaru nesta ter\u00e7a (12)"},"content":{"rendered":"<p style=\"text-align: justify;\"><b>Nossa Senhora Aparecida<\/b>\u00a0\u00e9 considerada a padroeira, ou protetora, do Brasil segundo os cat\u00f3licos. Sua imagem foi encontrada por pescadores no rio Para\u00edba do Sul, no atual estado de S\u00e3o Paulo, em 1717. Ela \u00e9 um dos principais s\u00edmbolos\u00a0<b>da<\/b>\u00a0religi\u00e3o cat\u00f3lica no Brasil.<\/p>\n<p style=\"text-align: justify;\"><span style=\"font-size: inherit;\">A Par\u00f3quia de Nossa Senhora Aparecida, localizada no bairro Rendeiras, em Caruaru, encerra nesta ter\u00e7a-feira (12) a festa da padroeira.<\/span><\/p>\n<p style=\"text-align: justify;\">Nesta ter\u00e7a-feira (12), \u00faltimo dia da comemora\u00e7\u00e3o e de festividade em honra \u00e0 Nossa Senhora Aparecida, padroeira do Brasil, na programa\u00e7\u00e3o tem celebra\u00e7\u00f5es da Santa Missa e prociss\u00e3o motorizada.<\/p>\n<p style=\"text-align: justify;\">Confira a programa\u00e7\u00e3o desta ter\u00e7a-feira (12):<\/p>\n<p style=\"text-align: justify;\">7h &#8211; Of\u00edcio da Imaculada Concei\u00e7\u00e3o;<br \/>\n10h &#8211; Missa Solene com com Dom Jos\u00e9 Ruy;<br \/>\n15h &#8211; Missa presidida pelo padre Emerson;<br \/>\n16h30 &#8211; Prociss\u00e3o motorizada;<br \/>\n18h &#8211; Missa de encerramento com padre Eronildo.<\/p>\n<p style=\"text-align: justify;\">Devido ao Decreto Estadual que trata das medidas de combate \u00e0 covid-19, os fi\u00e9is ir\u00e3o para a igreja dever\u00e3o apresentar carteirinha da vacina contra o coronavirus.<\/p>\n<p>Foto: Izaias Rodrigues.<\/p>\n","protected":false},"excerpt":{"rendered":"<p>Nossa Senhora Aparecida\u00a0\u00e9 considerada a padroeira, ou protetora, do Brasil segundo os cat\u00f3licos. Sua imagem foi encontrada por pescadores no&hellip;<\/p>\n","protected":false},"author":1,"featured_media":75924,"comment_status":"open","ping_status":"open","sticky":false,"template":"","format":"standard","meta":{"footnotes":""},"categories":[14120],"tags":[2,19532,3406,23085,6,23072],"class_list":["post-75923","post","type-post","status-publish","format-standard","has-post-thumbnail","hentry","category-noticias","tag-blog-do-edvaldo-magalhaes","tag-blog-mais-acessado-e-visualizado-de-caruaru-e-regiao","tag-caruaru","tag-confira-a-programacao-da-festa-de-nossa-senhora-aparecida-em-caruaru-nesta-terca-12","tag-noticias","tag-padroeira-do-brasil"],"_links":{"self":[{"href":"https:\/\/blogdoedvaldomagalhaes.com.br\/index.php\/wp-json\/wp\/v2\/posts\/75923","targetHints":{"allow":["GET"]}}],"collection":[{"href":"https:\/\/blogdoedvaldomagalhaes.com.br\/index.php\/wp-json\/wp\/v2\/posts"}],"about":[{"href":"https:\/\/blogdoedvaldomagalhaes.com.br\/index.php\/wp-json\/wp\/v2\/types\/post"}],"author":[{"embeddable":true,"href":"https:\/\/blogdoedvaldomagalhaes.com.br\/index.php\/wp-json\/wp\/v2\/users\/1"}],"replies":[{"embeddable":true,"href":"https:\/\/blogdoedvaldomagalhaes.com.br\/index.php\/wp-json\/wp\/v2\/comments?post=75923"}],"version-history":[{"count":2,"href":"https:\/\/blogdoedvaldomagalhaes.com.br\/index.php\/wp-json\/wp\/v2\/posts\/75923\/revisions"}],"predecessor-version":[{"id":75926,"href":"https:\/\/blogdoedvaldomagalhaes.com.br\/index.php\/wp-json\/wp\/v2\/posts\/75923\/revisions\/75926"}],"wp:featuredmedia":[{"embeddable":true,"href":"https:\/\/blogdoedvaldomagalhaes.com.br\/index.php\/wp-json\/wp\/v2\/media\/75924"}],"wp:attachment":[{"href":"https:\/\/blogdoedvaldomagalhaes.com.br\/index.php\/wp-json\/wp\/v2\/media?parent=75923"}],"wp:term":[{"taxonomy":"category","embeddable":true,"href":"https:\/\/blogdoedvaldomagalhaes.com.br\/index.php\/wp-json\/wp\/v2\/categories?post=75923"},{"taxonomy":"post_tag","embeddable":true,"href":"https:\/\/blogdoedvaldomagalhaes.com.br\/index.php\/wp-json\/wp\/v2\/tags?post=75923"}],"curies":[{"name":"wp","href":"https:\/\/api.w.org\/{rel}","templated":true}]}}