{"id":75920,"date":"2021-10-12T07:44:12","date_gmt":"2021-10-12T10:44:12","guid":{"rendered":"https:\/\/blogdoedvaldomagalhaes.com.br\/?p=75920"},"modified":"2021-10-12T07:44:13","modified_gmt":"2021-10-12T10:44:13","slug":"confira-a-programacao-recreativa-do-sesc-caruau-neste-dia-das-criancas","status":"publish","type":"post","link":"https:\/\/blogdoedvaldomagalhaes.com.br\/index.php\/2021\/10\/12\/confira-a-programacao-recreativa-do-sesc-caruau-neste-dia-das-criancas\/","title":{"rendered":"Confira a programa\u00e7\u00e3o recreativa do Sesc Caruau neste Dia das Crian\u00e7as"},"content":{"rendered":"<p style=\"text-align: justify;\">O Sesc Caruau preparou uma s\u00e9rie de atividades recreativas para comemorar o Dia das Crian\u00e7as. Nesta ter\u00e7a (12), das 9h \u00e0s 15h, a unidade vai realizar uma programa\u00e7\u00e3o festiva para crian\u00e7as de todas as idades.<\/p>\n<p style=\"text-align: justify;\">A entrada custar\u00e1 8 reais para o p\u00fablico em geral, com taxa extra de 10 reais para uso da piscina. O ingresso com desconto para os dependentes dos trabalhadores do com\u00e9rcio que possuem o Cart\u00e3o do Sesc ser\u00e1 de 4 reais.<\/p>\n<p style=\"text-align: justify;\">A crian\u00e7ada vai participar de oficina de brinquedos e de recrea\u00e7\u00e3o esportiva, com tiro ao alvo, chute a gol e basquete. Tamb\u00e9m vai ter karaok\u00ea, pintura art\u00edstica, jogos de tabuleiro gigante, desafios recreativos e atividades aqu\u00e1ticas. A cantina do Sesc vai estar aberta para a venda de bebidas e lanches.<\/p>\n","protected":false},"excerpt":{"rendered":"<p>O Sesc Caruau preparou uma s\u00e9rie de atividades recreativas para comemorar o Dia das Crian\u00e7as. Nesta ter\u00e7a (12), das 9h&hellip;<\/p>\n","protected":false},"author":1,"featured_media":75921,"comment_status":"open","ping_status":"open","sticky":false,"template":"","format":"standard","meta":{"footnotes":""},"categories":[14120],"tags":[2,19532,3406,23084,2252],"class_list":["post-75920","post","type-post","status-publish","format-standard","has-post-thumbnail","hentry","category-noticias","tag-blog-do-edvaldo-magalhaes","tag-blog-mais-acessado-e-visualizado-de-caruaru-e-regiao","tag-caruaru","tag-confira-a-programacao-recreativa-do-sesc-caruau-neste-dia-das-criancas","tag-noticia"],"_links":{"self":[{"href":"https:\/\/blogdoedvaldomagalhaes.com.br\/index.php\/wp-json\/wp\/v2\/posts\/75920","targetHints":{"allow":["GET"]}}],"collection":[{"href":"https:\/\/blogdoedvaldomagalhaes.com.br\/index.php\/wp-json\/wp\/v2\/posts"}],"about":[{"href":"https:\/\/blogdoedvaldomagalhaes.com.br\/index.php\/wp-json\/wp\/v2\/types\/post"}],"author":[{"embeddable":true,"href":"https:\/\/blogdoedvaldomagalhaes.com.br\/index.php\/wp-json\/wp\/v2\/users\/1"}],"replies":[{"embeddable":true,"href":"https:\/\/blogdoedvaldomagalhaes.com.br\/index.php\/wp-json\/wp\/v2\/comments?post=75920"}],"version-history":[{"count":1,"href":"https:\/\/blogdoedvaldomagalhaes.com.br\/index.php\/wp-json\/wp\/v2\/posts\/75920\/revisions"}],"predecessor-version":[{"id":75922,"href":"https:\/\/blogdoedvaldomagalhaes.com.br\/index.php\/wp-json\/wp\/v2\/posts\/75920\/revisions\/75922"}],"wp:featuredmedia":[{"embeddable":true,"href":"https:\/\/blogdoedvaldomagalhaes.com.br\/index.php\/wp-json\/wp\/v2\/media\/75921"}],"wp:attachment":[{"href":"https:\/\/blogdoedvaldomagalhaes.com.br\/index.php\/wp-json\/wp\/v2\/media?parent=75920"}],"wp:term":[{"taxonomy":"category","embeddable":true,"href":"https:\/\/blogdoedvaldomagalhaes.com.br\/index.php\/wp-json\/wp\/v2\/categories?post=75920"},{"taxonomy":"post_tag","embeddable":true,"href":"https:\/\/blogdoedvaldomagalhaes.com.br\/index.php\/wp-json\/wp\/v2\/tags?post=75920"}],"curies":[{"name":"wp","href":"https:\/\/api.w.org\/{rel}","templated":true}]}}