{"id":75917,"date":"2021-10-12T07:37:05","date_gmt":"2021-10-12T10:37:05","guid":{"rendered":"https:\/\/blogdoedvaldomagalhaes.com.br\/?p=75917"},"modified":"2021-10-12T07:37:07","modified_gmt":"2021-10-12T10:37:07","slug":"central-busca-classificacao-contra-juazeirense-pela-pre-copa-do-nordeste-nesta-terca-12","status":"publish","type":"post","link":"https:\/\/blogdoedvaldomagalhaes.com.br\/index.php\/2021\/10\/12\/central-busca-classificacao-contra-juazeirense-pela-pre-copa-do-nordeste-nesta-terca-12\/","title":{"rendered":"Central busca classifica\u00e7\u00e3o contra Juazeirense pela pr\u00e9-Copa do Nordeste nesta ter\u00e7a (12)"},"content":{"rendered":"<p style=\"text-align: justify;\">O Central enfrenta a Juazeirense, \u00e0s 21h30,\u00a0 desta ter\u00e7a-feira (12) pela pr\u00e9-Copa do Nordeste, no est\u00e1dio Adauto Moraes, em Juazeiro da Bahia. Quem vencer se classifica para a segunda fase da pr\u00e9-Copa do Nordeste e vai enfrentar o Ferroviario do Cear\u00e1, se hovier um empate, o classificado ser\u00e1 conhecido nos tiros livres diretos da marca do p\u00eanalti.<\/p>\n<p style=\"text-align: justify;\">O t\u00e9cnico Nilson Corr\u00eaa finalizou os treinamentos na noite dessa segunda (11), no est\u00e1dio Paulo Coelho, em Petrolina.<\/p>\n","protected":false},"excerpt":{"rendered":"<p>O Central enfrenta a Juazeirense, \u00e0s 21h30,\u00a0 desta ter\u00e7a-feira (12) pela pr\u00e9-Copa do Nordeste, no est\u00e1dio Adauto Moraes, em Juazeiro&hellip;<\/p>\n","protected":false},"author":1,"featured_media":75918,"comment_status":"open","ping_status":"open","sticky":false,"template":"","format":"standard","meta":{"footnotes":""},"categories":[14124,14123],"tags":[2,19532,3406,23083,3,6],"class_list":["post-75917","post","type-post","status-publish","format-standard","has-post-thumbnail","hentry","category-centralsc","category-futebol","tag-blog-do-edvaldo-magalhaes","tag-blog-mais-acessado-e-visualizado-de-caruaru-e-regiao","tag-caruaru","tag-central-busca-classificacao-contra-juazeirense-pela-pre-copa-do-nordeste-nesta-terca-12","tag-futebol","tag-noticias"],"_links":{"self":[{"href":"https:\/\/blogdoedvaldomagalhaes.com.br\/index.php\/wp-json\/wp\/v2\/posts\/75917","targetHints":{"allow":["GET"]}}],"collection":[{"href":"https:\/\/blogdoedvaldomagalhaes.com.br\/index.php\/wp-json\/wp\/v2\/posts"}],"about":[{"href":"https:\/\/blogdoedvaldomagalhaes.com.br\/index.php\/wp-json\/wp\/v2\/types\/post"}],"author":[{"embeddable":true,"href":"https:\/\/blogdoedvaldomagalhaes.com.br\/index.php\/wp-json\/wp\/v2\/users\/1"}],"replies":[{"embeddable":true,"href":"https:\/\/blogdoedvaldomagalhaes.com.br\/index.php\/wp-json\/wp\/v2\/comments?post=75917"}],"version-history":[{"count":1,"href":"https:\/\/blogdoedvaldomagalhaes.com.br\/index.php\/wp-json\/wp\/v2\/posts\/75917\/revisions"}],"predecessor-version":[{"id":75919,"href":"https:\/\/blogdoedvaldomagalhaes.com.br\/index.php\/wp-json\/wp\/v2\/posts\/75917\/revisions\/75919"}],"wp:featuredmedia":[{"embeddable":true,"href":"https:\/\/blogdoedvaldomagalhaes.com.br\/index.php\/wp-json\/wp\/v2\/media\/75918"}],"wp:attachment":[{"href":"https:\/\/blogdoedvaldomagalhaes.com.br\/index.php\/wp-json\/wp\/v2\/media?parent=75917"}],"wp:term":[{"taxonomy":"category","embeddable":true,"href":"https:\/\/blogdoedvaldomagalhaes.com.br\/index.php\/wp-json\/wp\/v2\/categories?post=75917"},{"taxonomy":"post_tag","embeddable":true,"href":"https:\/\/blogdoedvaldomagalhaes.com.br\/index.php\/wp-json\/wp\/v2\/tags?post=75917"}],"curies":[{"name":"wp","href":"https:\/\/api.w.org\/{rel}","templated":true}]}}