{"id":75906,"date":"2021-10-11T17:08:00","date_gmt":"2021-10-11T20:08:00","guid":{"rendered":"https:\/\/blogdoedvaldomagalhaes.com.br\/?p=75906"},"modified":"2021-10-11T17:24:04","modified_gmt":"2021-10-11T20:24:04","slug":"caruaru-city-contrata-meia-atacante-arua-e-tem-jogo-decisivo-contra-o-ypiranga","status":"publish","type":"post","link":"https:\/\/blogdoedvaldomagalhaes.com.br\/index.php\/2021\/10\/11\/caruaru-city-contrata-meia-atacante-arua-e-tem-jogo-decisivo-contra-o-ypiranga\/","title":{"rendered":"Caruaru City contrata meia-atacante Aru\u00e1 e tem jogo decisivo contra o Ypiranga"},"content":{"rendered":"<p style=\"text-align: justify;\"><span style=\"font-size: inherit;\">O Caruaru City anunciou nesta segunda-feira (11) a contrata\u00e7\u00e3o do meia-atacante Alexandre Aru\u00e1, de 25 anos. O atleta chega por empr\u00e9stimo do Boa Esporte-MG, para refor\u00e7ar a equipe caruaruense j\u00e1 no jogo contra o Ypiranga e para a sequ\u00eancia da S\u00e9rie A2.<\/span><\/p>\n<p style=\"text-align: justify;\">Alexandre Aru\u00e1, que j\u00e1 treinou com a equipe nesta tarde, come\u00e7ou a temporada no Salgueiro, onde disputou Campeonato Pernambucano S\u00e9rie A1, Copa do Nordeste e Copa do Brasil. Sua \u00faltima equipe foi o Boa Esporte, sendo um dos destaques da equipe no Campeonato Brasileiro da S\u00e9rie D, marcando 3 gols na competi\u00e7\u00e3o. O atleta j\u00e1 est\u00e1 registrado no BID da CBF.<\/p>\n<p style=\"text-align: justify;\">De acordo com a diretoria do Caruaru City, j\u00e1 estava no planejamento refor\u00e7ar o elenco para a segunda fase da S\u00e9rie A2. A equipe caruaruense enfrenta o Ypiranga nesta ter\u00e7a-feira (12), \u00e0s 15h, no Est\u00e1dio Ot\u00e1vio Limeira Alves, em Santa Cruz do Capibaribe, valendo vaga na pr\u00f3xima fase da competi\u00e7\u00e3o, se vencer, o Caruaru City ser\u00e1 o l\u00edder do grupo, se empatar dever\u00e1 se classificar no 4\u00b0 lugar e se perder, vai depender de derrota ou empate do Barreiros ou 1\u00b0 de Maio nos jogos dos advers\u00e1rios.<\/p>\n<p style=\"text-align: justify;\">Para o jogo, a equipe caruaruense ter\u00e1 tr\u00eas desfalques: o treinador Thyago Marcolino e o volante Henrique Silva, expulsos contra o Barreiros, e o meia Grafite, que tomou o terceiro cart\u00e3o amarelo. Quem vai comandar a equipe ser\u00e1 o auxiliar t\u00e9cnico Arlindo Neto.<\/p>\n<p style=\"text-align: justify;\">FICHA DO ATLETA ALEXANDRE ARU\u00c1<br \/>\nNOME COMPLETO: Alexandre Tubias Pontes<br \/>\nPOSI\u00c7\u00c3O: meia-atacante<br \/>\nNASCIMENTO: 16\/02\/1996 (25 anos)<br \/>\nNATURAL: Barra de Guabiraba-PE<br \/>\nCLUBES: Decis\u00e3o-PE, Flamengo-PE, Flamengo-PI, Guarani-SC, Central-PE, Salgueiro-PE, Boa Esporte-MG e agora Caruaru City.<\/p>\n<p style=\"text-align: justify;\">Foto: Ascom Caruaru City.<\/p>\n<p>Classifica\u00e7\u00e3o do grupo B:<\/p>\n<p style=\"text-align: justify;\">1\u00b0 Petrolina com 11 pontos, em 06 jogos (Classificado);<\/p>\n<p style=\"text-align: justify;\">2\u00b0 Ypiranga com 10 pontos, saldo de 08 gols, em 05 jogos, precisa de mais um ponto para se classificar;<\/p>\n<p style=\"text-align: justify;\">3\u00b0 Caruaru City com 10 pontos, saldo de 07 gols, em 05 jogos, precisa de mais um ponto para se classificar;<\/p>\n<p style=\"text-align: justify;\">4\u00b0) 1\u00b0 de Maio com 09 pontos em 05 jogos, precisa de uma vit\u00f3ria para se classificar;<\/p>\n<p style=\"text-align: justify;\">5\u00b0) Barreiros com 07 pontos em 05 jogos, precisa de uma vit\u00f3ria\u00a0 e torcer para 1\u00b0 de Maio perca, ou Ypiranga e\/ou Caruaru City perca e o Barreiros ainda tem que tirar a diferen\u00e7a de gols;<\/p>\n<p style=\"text-align: justify;\">6\u00b0) Pesqueira com 01 ponto em 05 jogos (Desclassificado)<\/p>\n<p style=\"text-align: justify;\">7\u00b0) Serrano com 01 ponto em 05jogos (Desclassificado)<\/p>\n","protected":false},"excerpt":{"rendered":"<p>O Caruaru City anunciou nesta segunda-feira (11) a contrata\u00e7\u00e3o do meia-atacante Alexandre Aru\u00e1, de 25 anos. O atleta chega por&hellip;<\/p>\n","protected":false},"author":1,"featured_media":75907,"comment_status":"open","ping_status":"open","sticky":false,"template":"","format":"standard","meta":{"footnotes":""},"categories":[14123],"tags":[2,19532,3406,23081,6],"class_list":["post-75906","post","type-post","status-publish","format-standard","has-post-thumbnail","hentry","category-futebol","tag-blog-do-edvaldo-magalhaes","tag-blog-mais-acessado-e-visualizado-de-caruaru-e-regiao","tag-caruaru","tag-caruaru-city-contrata-meia-atacante-arua-e-tem-jogo-decisivo-contra-o-ypiranga","tag-noticias"],"_links":{"self":[{"href":"https:\/\/blogdoedvaldomagalhaes.com.br\/index.php\/wp-json\/wp\/v2\/posts\/75906","targetHints":{"allow":["GET"]}}],"collection":[{"href":"https:\/\/blogdoedvaldomagalhaes.com.br\/index.php\/wp-json\/wp\/v2\/posts"}],"about":[{"href":"https:\/\/blogdoedvaldomagalhaes.com.br\/index.php\/wp-json\/wp\/v2\/types\/post"}],"author":[{"embeddable":true,"href":"https:\/\/blogdoedvaldomagalhaes.com.br\/index.php\/wp-json\/wp\/v2\/users\/1"}],"replies":[{"embeddable":true,"href":"https:\/\/blogdoedvaldomagalhaes.com.br\/index.php\/wp-json\/wp\/v2\/comments?post=75906"}],"version-history":[{"count":4,"href":"https:\/\/blogdoedvaldomagalhaes.com.br\/index.php\/wp-json\/wp\/v2\/posts\/75906\/revisions"}],"predecessor-version":[{"id":75913,"href":"https:\/\/blogdoedvaldomagalhaes.com.br\/index.php\/wp-json\/wp\/v2\/posts\/75906\/revisions\/75913"}],"wp:featuredmedia":[{"embeddable":true,"href":"https:\/\/blogdoedvaldomagalhaes.com.br\/index.php\/wp-json\/wp\/v2\/media\/75907"}],"wp:attachment":[{"href":"https:\/\/blogdoedvaldomagalhaes.com.br\/index.php\/wp-json\/wp\/v2\/media?parent=75906"}],"wp:term":[{"taxonomy":"category","embeddable":true,"href":"https:\/\/blogdoedvaldomagalhaes.com.br\/index.php\/wp-json\/wp\/v2\/categories?post=75906"},{"taxonomy":"post_tag","embeddable":true,"href":"https:\/\/blogdoedvaldomagalhaes.com.br\/index.php\/wp-json\/wp\/v2\/tags?post=75906"}],"curies":[{"name":"wp","href":"https:\/\/api.w.org\/{rel}","templated":true}]}}