{"id":75903,"date":"2021-10-11T16:46:41","date_gmt":"2021-10-11T19:46:41","guid":{"rendered":"https:\/\/blogdoedvaldomagalhaes.com.br\/?p=75903"},"modified":"2021-10-11T16:46:42","modified_gmt":"2021-10-11T19:46:42","slug":"pernambuco-recebe-mais-de-150-mil-doses-de-vacinas-contra-covid-19-da-pfizer","status":"publish","type":"post","link":"https:\/\/blogdoedvaldomagalhaes.com.br\/index.php\/2021\/10\/11\/pernambuco-recebe-mais-de-150-mil-doses-de-vacinas-contra-covid-19-da-pfizer\/","title":{"rendered":"Pernambuco recebe mais de 150 mil doses de vacinas contra Covid-19 da Pfizer"},"content":{"rendered":"<p style=\"text-align: justify;\">Mais 150.930 doses de vacinas contra a Covid-19 da Pfizer\/BioNTech chegaram a Pernambuco no in\u00edcio da tarde desta segunda-feira (11.10). Os imunizantes foram desembarcados no Aeroporto Internacional do Recife\/Guararapes \u2013 Gilberto Freyre \u00e0s 13h30 e levados para a sede do Programa Estadual de Imuniza\u00e7\u00f5es para confer\u00eancia, armazenamento e separa\u00e7\u00e3o por munic\u00edpio. Com o volume recebido hoje, o Estado supera a marca de 13,5 milh\u00f5es de doses recebidas para prote\u00e7\u00e3o contra o novo coronav\u00edrus.<\/p>\n<p style=\"text-align: justify;\">A nova remessa ser\u00e1 utilizada para completar os esquemas vacinais da popula\u00e7\u00e3o em geral, por faixa et\u00e1ria a partir dos 18 anos, aplica\u00e7\u00e3o das primeiras doses nos adolescentes e doses de refor\u00e7o em idosos da popula\u00e7\u00e3o ind\u00edgena. Os imunizantes ser\u00e3o enviados \u00e0s 12 Ger\u00eancias Regionais de Sa\u00fade na pr\u00f3xima quarta-feira (13.10).<\/p>\n<p style=\"text-align: justify;\">Desde o in\u00edcio da campanha, em janeiro deste ano, Pernambuco j\u00e1 recebeu 13.622.850 doses de vacinas contra a Covid-19. Desse total, foram 4.702.670 da Astrazeneca\/Oxford\/Fiocruz, 4.481.720 da Coronavac\/Butantan, 4.264.650 da Pfizer\/BioNTech e 173.810 da Janssen.<\/p>\n","protected":false},"excerpt":{"rendered":"<p>Mais 150.930 doses de vacinas contra a Covid-19 da Pfizer\/BioNTech chegaram a Pernambuco no in\u00edcio da tarde desta segunda-feira (11.10).&hellip;<\/p>\n","protected":false},"author":1,"featured_media":75904,"comment_status":"open","ping_status":"open","sticky":false,"template":"","format":"standard","meta":{"footnotes":""},"categories":[14120],"tags":[2,19532,17559,6,19670,23080],"class_list":["post-75903","post","type-post","status-publish","format-standard","has-post-thumbnail","hentry","category-noticias","tag-blog-do-edvaldo-magalhaes","tag-blog-mais-acessado-e-visualizado-de-caruaru-e-regiao","tag-covid-19","tag-noticias","tag-novo-coronavirus","tag-pernambuco-recebe-mais-de-150-mil-doses-de-vacinas-contra-covid-19-da-pfizer"],"_links":{"self":[{"href":"https:\/\/blogdoedvaldomagalhaes.com.br\/index.php\/wp-json\/wp\/v2\/posts\/75903","targetHints":{"allow":["GET"]}}],"collection":[{"href":"https:\/\/blogdoedvaldomagalhaes.com.br\/index.php\/wp-json\/wp\/v2\/posts"}],"about":[{"href":"https:\/\/blogdoedvaldomagalhaes.com.br\/index.php\/wp-json\/wp\/v2\/types\/post"}],"author":[{"embeddable":true,"href":"https:\/\/blogdoedvaldomagalhaes.com.br\/index.php\/wp-json\/wp\/v2\/users\/1"}],"replies":[{"embeddable":true,"href":"https:\/\/blogdoedvaldomagalhaes.com.br\/index.php\/wp-json\/wp\/v2\/comments?post=75903"}],"version-history":[{"count":1,"href":"https:\/\/blogdoedvaldomagalhaes.com.br\/index.php\/wp-json\/wp\/v2\/posts\/75903\/revisions"}],"predecessor-version":[{"id":75905,"href":"https:\/\/blogdoedvaldomagalhaes.com.br\/index.php\/wp-json\/wp\/v2\/posts\/75903\/revisions\/75905"}],"wp:featuredmedia":[{"embeddable":true,"href":"https:\/\/blogdoedvaldomagalhaes.com.br\/index.php\/wp-json\/wp\/v2\/media\/75904"}],"wp:attachment":[{"href":"https:\/\/blogdoedvaldomagalhaes.com.br\/index.php\/wp-json\/wp\/v2\/media?parent=75903"}],"wp:term":[{"taxonomy":"category","embeddable":true,"href":"https:\/\/blogdoedvaldomagalhaes.com.br\/index.php\/wp-json\/wp\/v2\/categories?post=75903"},{"taxonomy":"post_tag","embeddable":true,"href":"https:\/\/blogdoedvaldomagalhaes.com.br\/index.php\/wp-json\/wp\/v2\/tags?post=75903"}],"curies":[{"name":"wp","href":"https:\/\/api.w.org\/{rel}","templated":true}]}}