{"id":75900,"date":"2021-10-11T15:15:19","date_gmt":"2021-10-11T18:15:19","guid":{"rendered":"https:\/\/blogdoedvaldomagalhaes.com.br\/?p=75900"},"modified":"2021-10-11T15:15:20","modified_gmt":"2021-10-11T18:15:20","slug":"compesa-implanta-rede-de-abastecimento-em-caruaru","status":"publish","type":"post","link":"https:\/\/blogdoedvaldomagalhaes.com.br\/index.php\/2021\/10\/11\/compesa-implanta-rede-de-abastecimento-em-caruaru\/","title":{"rendered":"Compesa implanta rede de abastecimento em Caruaru"},"content":{"rendered":"<p style=\"text-align: justify;\"><span style=\"font-size: inherit;\">O Governo do Estado, por meio da Compesa, est\u00e1 implantando 360 metros de rede de distribui\u00e7\u00e3o de \u00e1gua na Rua Ant\u00f4nio Barbosa Maciel, no bairro Nova Caruaru. A obra, que ser\u00e1 finalizada at\u00e9 o final do m\u00eas de outubro, contemplar\u00e1 30 im\u00f3veis da \u00e1rea que ainda n\u00e3o eram atendidos pela Companhia.<\/span><\/p>\n<p style=\"text-align: justify;\">\u201cEsta obra \u00e9 parte das diversas a\u00e7\u00f5es que o Governo do Estado e a Compesa est\u00e3o realizando na cidade de Caruaru, como substitui\u00e7\u00e3o, moderniza\u00e7\u00e3o e implanta\u00e7\u00e3o de redes de abastecimento de \u00e1gua e de esgotamento sanit\u00e1rio, buscando a constante melhoria nos servi\u00e7os prestados \u00e0 comunidade\u201d, explica o gerente de Unidade de Neg\u00f3cios da Compesa, Denis Mendes.<\/p>\n","protected":false},"excerpt":{"rendered":"<p>O Governo do Estado, por meio da Compesa, est\u00e1 implantando 360 metros de rede de distribui\u00e7\u00e3o de \u00e1gua na Rua&hellip;<\/p>\n","protected":false},"author":1,"featured_media":75901,"comment_status":"open","ping_status":"open","sticky":false,"template":"","format":"standard","meta":{"footnotes":""},"categories":[14120],"tags":[2,19532,3406,23079,6],"class_list":["post-75900","post","type-post","status-publish","format-standard","has-post-thumbnail","hentry","category-noticias","tag-blog-do-edvaldo-magalhaes","tag-blog-mais-acessado-e-visualizado-de-caruaru-e-regiao","tag-caruaru","tag-compesa-implanta-rede-de-abastecimento-em-caruaru","tag-noticias"],"_links":{"self":[{"href":"https:\/\/blogdoedvaldomagalhaes.com.br\/index.php\/wp-json\/wp\/v2\/posts\/75900","targetHints":{"allow":["GET"]}}],"collection":[{"href":"https:\/\/blogdoedvaldomagalhaes.com.br\/index.php\/wp-json\/wp\/v2\/posts"}],"about":[{"href":"https:\/\/blogdoedvaldomagalhaes.com.br\/index.php\/wp-json\/wp\/v2\/types\/post"}],"author":[{"embeddable":true,"href":"https:\/\/blogdoedvaldomagalhaes.com.br\/index.php\/wp-json\/wp\/v2\/users\/1"}],"replies":[{"embeddable":true,"href":"https:\/\/blogdoedvaldomagalhaes.com.br\/index.php\/wp-json\/wp\/v2\/comments?post=75900"}],"version-history":[{"count":1,"href":"https:\/\/blogdoedvaldomagalhaes.com.br\/index.php\/wp-json\/wp\/v2\/posts\/75900\/revisions"}],"predecessor-version":[{"id":75902,"href":"https:\/\/blogdoedvaldomagalhaes.com.br\/index.php\/wp-json\/wp\/v2\/posts\/75900\/revisions\/75902"}],"wp:featuredmedia":[{"embeddable":true,"href":"https:\/\/blogdoedvaldomagalhaes.com.br\/index.php\/wp-json\/wp\/v2\/media\/75901"}],"wp:attachment":[{"href":"https:\/\/blogdoedvaldomagalhaes.com.br\/index.php\/wp-json\/wp\/v2\/media?parent=75900"}],"wp:term":[{"taxonomy":"category","embeddable":true,"href":"https:\/\/blogdoedvaldomagalhaes.com.br\/index.php\/wp-json\/wp\/v2\/categories?post=75900"},{"taxonomy":"post_tag","embeddable":true,"href":"https:\/\/blogdoedvaldomagalhaes.com.br\/index.php\/wp-json\/wp\/v2\/tags?post=75900"}],"curies":[{"name":"wp","href":"https:\/\/api.w.org\/{rel}","templated":true}]}}