{"id":75882,"date":"2021-10-11T08:40:37","date_gmt":"2021-10-11T11:40:37","guid":{"rendered":"https:\/\/blogdoedvaldomagalhaes.com.br\/?p=75882"},"modified":"2021-10-11T08:40:38","modified_gmt":"2021-10-11T11:40:38","slug":"homem-e-preso-por-destruir-a-casa-da-ex-companheira-em-caruaru","status":"publish","type":"post","link":"https:\/\/blogdoedvaldomagalhaes.com.br\/index.php\/2021\/10\/11\/homem-e-preso-por-destruir-a-casa-da-ex-companheira-em-caruaru\/","title":{"rendered":"Homem \u00e9 preso por destruir a casa da ex-companheira em Caruaru"},"content":{"rendered":"<p style=\"text-align: justify;\"><span style=\"font-size: inherit;\">Um homem foi preso por policiais militares do Regimento de Cavalaria, por invas\u00e3o de domic\u00edlio e dano, nesse s\u00e1bado(09), em Caruaru. O efetivo recebeu informa\u00e7\u00f5es que o suspeito foi at\u00e9 a Vila Portelinha, no bairro Santa Rosa, e ap\u00f3s arrombar as fechaduras da porta, invadiu a resid\u00eancia de sua ex-companheira e quebrou o que encontrou pela frente. Entre os objetos destru\u00eddos est\u00e3o um fog\u00e3o, uma mesa de granito, uma cadeira de pl\u00e1stico e v\u00e1rios outros pertences menores. Foram feitas buscas e ele foi localizado, detido e conduzido at\u00e9 a 14\u00aa DESEC da Pol\u00edcia Civil, para a tomada das medidas cab\u00edveis.<\/span><\/p>\n","protected":false},"excerpt":{"rendered":"<p>Um homem foi preso por policiais militares do Regimento de Cavalaria, por invas\u00e3o de domic\u00edlio e dano, nesse s\u00e1bado(09), em&hellip;<\/p>\n","protected":false},"author":1,"featured_media":75883,"comment_status":"open","ping_status":"open","sticky":false,"template":"","format":"standard","meta":{"footnotes":""},"categories":[14121],"tags":[2,19532,3406,23075,6],"class_list":["post-75882","post","type-post","status-publish","format-standard","has-post-thumbnail","hentry","category-policial","tag-blog-do-edvaldo-magalhaes","tag-blog-mais-acessado-e-visualizado-de-caruaru-e-regiao","tag-caruaru","tag-homem-e-preso-por-destruir-a-casa-da-ex-companheira-em-caruaru","tag-noticias"],"_links":{"self":[{"href":"https:\/\/blogdoedvaldomagalhaes.com.br\/index.php\/wp-json\/wp\/v2\/posts\/75882","targetHints":{"allow":["GET"]}}],"collection":[{"href":"https:\/\/blogdoedvaldomagalhaes.com.br\/index.php\/wp-json\/wp\/v2\/posts"}],"about":[{"href":"https:\/\/blogdoedvaldomagalhaes.com.br\/index.php\/wp-json\/wp\/v2\/types\/post"}],"author":[{"embeddable":true,"href":"https:\/\/blogdoedvaldomagalhaes.com.br\/index.php\/wp-json\/wp\/v2\/users\/1"}],"replies":[{"embeddable":true,"href":"https:\/\/blogdoedvaldomagalhaes.com.br\/index.php\/wp-json\/wp\/v2\/comments?post=75882"}],"version-history":[{"count":1,"href":"https:\/\/blogdoedvaldomagalhaes.com.br\/index.php\/wp-json\/wp\/v2\/posts\/75882\/revisions"}],"predecessor-version":[{"id":75884,"href":"https:\/\/blogdoedvaldomagalhaes.com.br\/index.php\/wp-json\/wp\/v2\/posts\/75882\/revisions\/75884"}],"wp:featuredmedia":[{"embeddable":true,"href":"https:\/\/blogdoedvaldomagalhaes.com.br\/index.php\/wp-json\/wp\/v2\/media\/75883"}],"wp:attachment":[{"href":"https:\/\/blogdoedvaldomagalhaes.com.br\/index.php\/wp-json\/wp\/v2\/media?parent=75882"}],"wp:term":[{"taxonomy":"category","embeddable":true,"href":"https:\/\/blogdoedvaldomagalhaes.com.br\/index.php\/wp-json\/wp\/v2\/categories?post=75882"},{"taxonomy":"post_tag","embeddable":true,"href":"https:\/\/blogdoedvaldomagalhaes.com.br\/index.php\/wp-json\/wp\/v2\/tags?post=75882"}],"curies":[{"name":"wp","href":"https:\/\/api.w.org\/{rel}","templated":true}]}}