{"id":75807,"date":"2021-10-08T21:46:11","date_gmt":"2021-10-09T00:46:11","guid":{"rendered":"https:\/\/blogdoedvaldomagalhaes.com.br\/?p=75807"},"modified":"2021-10-08T21:46:12","modified_gmt":"2021-10-09T00:46:12","slug":"rompimento-em-tubulacao-deixa-bairros-e-zona-rural-de-caruaru-sem-agua-da-compesa","status":"publish","type":"post","link":"https:\/\/blogdoedvaldomagalhaes.com.br\/index.php\/2021\/10\/08\/rompimento-em-tubulacao-deixa-bairros-e-zona-rural-de-caruaru-sem-agua-da-compesa\/","title":{"rendered":"Rompimento em tubula\u00e7\u00e3o deixa bairros e zona rural de Caruaru sem \u00e1gua da Compesa"},"content":{"rendered":"<p style=\"text-align: justify;\">O abastecimento de \u00e1gua foi interrompido em v\u00e1rias localidades da zona rural de Caruaru. S\u00e3o elas: Contendas (Lado B), Jurity, Rafael (Lado B2), Cachoeira Seca, Ju\u00e1, Jacar\u00e9 Grande, Veada Morta e Lagoa Ro\u00e7ada.<\/p>\n<p style=\"text-align: justify;\">De acordo com a Compesa, houve um rompimento de uma rede de 500mm, localizada no bairro Luiz Gonzaga. Equipes est\u00e3o trabalhando no reparo da tubula\u00e7\u00e3o e a previs\u00e3o \u00e9 de que o servi\u00e7o seja finalizado na segunda-feira (11), quando a distribui\u00e7\u00e3o ser\u00e1 retomada conforme o calend\u00e1rio.<\/p>\n<p style=\"text-align: justify;\">Paralelamente a esta manuten\u00e7\u00e3o emergencial, a Compesa precisou substituir um transformador na Esta\u00e7\u00e3o Elevat\u00f3ria 4 de Jucazinho e, consequentemente, paralisar o abastecimento nas cidades de Cumaru, Passira, Riacho das Almas, Bezerros e Gravat\u00e1. Em Caruaru, est\u00e3o sem \u00e1gua nas torneiras moradores dos bairros Salgado (partes baixa e intermedi\u00e1ria), S\u00e3o Jo\u00e3o da Esc\u00f3cia (parte baixa), Cidade Jardim, Rendeiras (parte alta), Loteamento Para\u00edso e Gon\u00e7alves Ferreira.<\/p>\n<p style=\"text-align: justify;\">A Compesa informou que nessas localidades a previs\u00e3o de retorno do abastecimento \u00e9 para \u00e0s 20h desta sexta-feira (08).<\/p>\n<p>Foto: Fernanda Oliveira\/R\u00e1dio Liberdade.<\/p>\n","protected":false},"excerpt":{"rendered":"<p>O abastecimento de \u00e1gua foi interrompido em v\u00e1rias localidades da zona rural de Caruaru. S\u00e3o elas: Contendas (Lado B), Jurity,&hellip;<\/p>\n","protected":false},"author":1,"featured_media":75808,"comment_status":"open","ping_status":"open","sticky":false,"template":"","format":"standard","meta":{"footnotes":""},"categories":[14120],"tags":[2,19532,3406,6,23048],"class_list":["post-75807","post","type-post","status-publish","format-standard","has-post-thumbnail","hentry","category-noticias","tag-blog-do-edvaldo-magalhaes","tag-blog-mais-acessado-e-visualizado-de-caruaru-e-regiao","tag-caruaru","tag-noticias","tag-rompimento-em-tubulacao-deixa-comunidades-sem-agua-na-zona-rural-de-caruaru"],"_links":{"self":[{"href":"https:\/\/blogdoedvaldomagalhaes.com.br\/index.php\/wp-json\/wp\/v2\/posts\/75807","targetHints":{"allow":["GET"]}}],"collection":[{"href":"https:\/\/blogdoedvaldomagalhaes.com.br\/index.php\/wp-json\/wp\/v2\/posts"}],"about":[{"href":"https:\/\/blogdoedvaldomagalhaes.com.br\/index.php\/wp-json\/wp\/v2\/types\/post"}],"author":[{"embeddable":true,"href":"https:\/\/blogdoedvaldomagalhaes.com.br\/index.php\/wp-json\/wp\/v2\/users\/1"}],"replies":[{"embeddable":true,"href":"https:\/\/blogdoedvaldomagalhaes.com.br\/index.php\/wp-json\/wp\/v2\/comments?post=75807"}],"version-history":[{"count":1,"href":"https:\/\/blogdoedvaldomagalhaes.com.br\/index.php\/wp-json\/wp\/v2\/posts\/75807\/revisions"}],"predecessor-version":[{"id":75809,"href":"https:\/\/blogdoedvaldomagalhaes.com.br\/index.php\/wp-json\/wp\/v2\/posts\/75807\/revisions\/75809"}],"wp:featuredmedia":[{"embeddable":true,"href":"https:\/\/blogdoedvaldomagalhaes.com.br\/index.php\/wp-json\/wp\/v2\/media\/75808"}],"wp:attachment":[{"href":"https:\/\/blogdoedvaldomagalhaes.com.br\/index.php\/wp-json\/wp\/v2\/media?parent=75807"}],"wp:term":[{"taxonomy":"category","embeddable":true,"href":"https:\/\/blogdoedvaldomagalhaes.com.br\/index.php\/wp-json\/wp\/v2\/categories?post=75807"},{"taxonomy":"post_tag","embeddable":true,"href":"https:\/\/blogdoedvaldomagalhaes.com.br\/index.php\/wp-json\/wp\/v2\/tags?post=75807"}],"curies":[{"name":"wp","href":"https:\/\/api.w.org\/{rel}","templated":true}]}}