{"id":75788,"date":"2021-10-08T19:38:29","date_gmt":"2021-10-08T22:38:29","guid":{"rendered":"https:\/\/blogdoedvaldomagalhaes.com.br\/?p=75788"},"modified":"2021-10-08T20:53:08","modified_gmt":"2021-10-08T23:53:08","slug":"acougue-publico-de-caruaru-tera-ultima-feira-antes-da-reforma-neste-sabado-09","status":"publish","type":"post","link":"https:\/\/blogdoedvaldomagalhaes.com.br\/index.php\/2021\/10\/08\/acougue-publico-de-caruaru-tera-ultima-feira-antes-da-reforma-neste-sabado-09\/","title":{"rendered":"A\u00e7ougue P\u00fablico de Caruaru ter\u00e1 \u00faltima feira antes da reforma neste s\u00e1bado (09)"},"content":{"rendered":"<p style=\"text-align: justify;\">A Prefeitura de Caruaru vai reformar o pr\u00e9dio do A\u00e7ougue P\u00fablico, localizado no Parque 18 de Maio. A reportagem do Blog do Edvaldo Magalh\u00e3es esteve no local e descobriu que a <span style=\"font-size: inherit;\">obra ser\u00e1 iniciada nesta segunda-feira (11). Os marchantes e comerciantes de sereais ser\u00e3o relocados para um pavilh\u00e3o, instalado pela Gest\u00e3o Municipal que fica onde era um estacionamento no pr\u00f3prio Parque 18 de Maio, at\u00e9 que a obra seja conclu\u00edda. Ao todo ser\u00e3o mais de 160 tarimbas e 30 boxs.<\/span><\/p>\n<p style=\"text-align: justify;\">O secret\u00e1rio municipal de e Servi\u00e7os P\u00fablicos, Ytalo Farias, informou ao Blog do Edvaldo Magalh\u00e3es que a obra de reforma do A\u00e7ougue P\u00fablico de Caruaru, est\u00e1 or\u00e7ada em R$ 3,8 milh\u00f5es e tem previs\u00e3o de ser conclu\u00edda em 12 meses.<\/p>\n<p style=\"text-align: justify;\">Os vereadores Fagner Fernandes, Cabo Cardoso e Perp\u00e9tua Dantas, estiveram no local nesta sexta-feira (08), ouvindo as reinvindica\u00e7\u00f5es. O secret\u00e1rio Ytalo Farias, tamb\u00e9m foi ao local e conversou com os comerciantes.<\/p>\n\n\n<figure class=\"wp-block-image size-large\"><img loading=\"lazy\" decoding=\"async\" width=\"1024\" height=\"576\" src=\"https:\/\/blogdoedvaldomagalhaes.com.br\/wp-content\/uploads\/2021\/10\/IMG-20211008-WA0211-1024x576.jpeg\" alt=\"\" class=\"wp-image-75797\" srcset=\"https:\/\/blogdoedvaldomagalhaes.com.br\/wp-content\/uploads\/2021\/10\/IMG-20211008-WA0211-1024x576.jpeg 1024w, https:\/\/blogdoedvaldomagalhaes.com.br\/wp-content\/uploads\/2021\/10\/IMG-20211008-WA0211-300x169.jpeg 300w, https:\/\/blogdoedvaldomagalhaes.com.br\/wp-content\/uploads\/2021\/10\/IMG-20211008-WA0211-768x432.jpeg 768w, https:\/\/blogdoedvaldomagalhaes.com.br\/wp-content\/uploads\/2021\/10\/IMG-20211008-WA0211-1536x864.jpeg 1536w, https:\/\/blogdoedvaldomagalhaes.com.br\/wp-content\/uploads\/2021\/10\/IMG-20211008-WA0211-2048x1152.jpeg 2048w, https:\/\/blogdoedvaldomagalhaes.com.br\/wp-content\/uploads\/2021\/10\/IMG-20211008-WA0211-1140x641.jpeg 1140w, https:\/\/blogdoedvaldomagalhaes.com.br\/wp-content\/uploads\/2021\/10\/IMG-20211008-WA0211-720x405.jpeg 720w\" sizes=\"auto, (max-width: 1024px) 100vw, 1024px\" \/><figcaption>Foto: Blo do Edvaldo Magalh\u00e3es<\/figcaption><\/figure>\n","protected":false},"excerpt":{"rendered":"<p>A Prefeitura de Caruaru vai reformar o pr\u00e9dio do A\u00e7ougue P\u00fablico, localizado no Parque 18 de Maio. A reportagem do&hellip;<\/p>\n","protected":false},"author":1,"featured_media":75789,"comment_status":"open","ping_status":"open","sticky":false,"template":"","format":"standard","meta":{"footnotes":""},"categories":[14120],"tags":[23047,2,19532,3406,6],"class_list":["post-75788","post","type-post","status-publish","format-standard","has-post-thumbnail","hentry","category-noticias","tag-acougue-publico-de-caruaru-tera-ultima-feira-antes-da-reforma-neste-sabado-09-2","tag-blog-do-edvaldo-magalhaes","tag-blog-mais-acessado-e-visualizado-de-caruaru-e-regiao","tag-caruaru","tag-noticias"],"_links":{"self":[{"href":"https:\/\/blogdoedvaldomagalhaes.com.br\/index.php\/wp-json\/wp\/v2\/posts\/75788","targetHints":{"allow":["GET"]}}],"collection":[{"href":"https:\/\/blogdoedvaldomagalhaes.com.br\/index.php\/wp-json\/wp\/v2\/posts"}],"about":[{"href":"https:\/\/blogdoedvaldomagalhaes.com.br\/index.php\/wp-json\/wp\/v2\/types\/post"}],"author":[{"embeddable":true,"href":"https:\/\/blogdoedvaldomagalhaes.com.br\/index.php\/wp-json\/wp\/v2\/users\/1"}],"replies":[{"embeddable":true,"href":"https:\/\/blogdoedvaldomagalhaes.com.br\/index.php\/wp-json\/wp\/v2\/comments?post=75788"}],"version-history":[{"count":7,"href":"https:\/\/blogdoedvaldomagalhaes.com.br\/index.php\/wp-json\/wp\/v2\/posts\/75788\/revisions"}],"predecessor-version":[{"id":75800,"href":"https:\/\/blogdoedvaldomagalhaes.com.br\/index.php\/wp-json\/wp\/v2\/posts\/75788\/revisions\/75800"}],"wp:featuredmedia":[{"embeddable":true,"href":"https:\/\/blogdoedvaldomagalhaes.com.br\/index.php\/wp-json\/wp\/v2\/media\/75789"}],"wp:attachment":[{"href":"https:\/\/blogdoedvaldomagalhaes.com.br\/index.php\/wp-json\/wp\/v2\/media?parent=75788"}],"wp:term":[{"taxonomy":"category","embeddable":true,"href":"https:\/\/blogdoedvaldomagalhaes.com.br\/index.php\/wp-json\/wp\/v2\/categories?post=75788"},{"taxonomy":"post_tag","embeddable":true,"href":"https:\/\/blogdoedvaldomagalhaes.com.br\/index.php\/wp-json\/wp\/v2\/tags?post=75788"}],"curies":[{"name":"wp","href":"https:\/\/api.w.org\/{rel}","templated":true}]}}