{"id":75778,"date":"2021-10-08T17:17:48","date_gmt":"2021-10-08T20:17:48","guid":{"rendered":"https:\/\/blogdoedvaldomagalhaes.com.br\/?p=75778"},"modified":"2021-10-08T18:00:23","modified_gmt":"2021-10-08T21:00:23","slug":"vereador-mano-do-som-pede-conclusao-da-obra-do-hospital-da-mulher-em-caruaru","status":"publish","type":"post","link":"https:\/\/blogdoedvaldomagalhaes.com.br\/index.php\/2021\/10\/08\/vereador-mano-do-som-pede-conclusao-da-obra-do-hospital-da-mulher-em-caruaru\/","title":{"rendered":"Vereador Mano do Som pede conclus\u00e3o da obra do Hospital da Mulher em Caruaru"},"content":{"rendered":"<p style=\"text-align: justify;\">O Hospital da Mulher, em Caruaru, come\u00e7ou a ser constru\u00eddo em 2013. O investimento \u00e9 mais de R$ 46 milh\u00f5es. A<span style=\"font-size: inherit;\"> estrutura f\u00edsica do pr\u00e9dio foi erguida em uma \u00e1rea de 13 mil metros quadrados. Q<\/span><span style=\"font-size: inherit; text-align: justify;\">uando estiver pronta, a unidade contar\u00e1 com 157 leitos, sendo 44 para o p\u00f3s-parto, 30 de alto risco, 30 de gestantes, 11 de adultos, 20 de UTI neonatal, 15 para beb\u00eas prematuros e sete salas de recupera\u00e7\u00e3o p\u00f3s-anestesia.<\/span><\/p>\n<p style=\"text-align: justify;\">&#8220;Minha luta para que o governo do Estado conclua a obra do Hospital da Mulher continua, essa luta vem desde o in\u00edcio do nosso mandato. No dia 16 de abril estive cobrando do governo estadual uma resposta das obras, tamb\u00e9m busquei respostas atrav\u00e9s de of\u00edcios para a Alepe. No dia 26 de junho enviamos um of\u00edcio ao deputado Eriberto Medeiros, presidente da Assembleia Legislativa, tamb\u00e9m solicitando uma resposta para conclus\u00e3o das obras, pedindo que ele&nbsp;<span style=\"font-size: inherit;\">somasse for\u00e7as conosco, para a conclus\u00e3o das obras. Entre outras formas que cobramos no decorrer deste ano, como uma indica\u00e7\u00e3o ao gabinete do Governador. Lembro ainda que no m\u00eas de setembro apresentamos uma solicita\u00e7\u00e3o de audi\u00eancia p\u00fablica, para discutir a retomada das obras do hospital. J\u00e1 s\u00e3o sete anos de atraso e a popula\u00e7\u00e3o n\u00e3o aguenta mais esperar. Nessa quinta-feira dia 07, recebemos a not\u00edcia que o secret\u00e1rio de Sa\u00fade prometeu a retomada das obras e vamos continuar fiscalizando e cobrando at\u00e9 que a obra seja conclu\u00edda. As mulheres tem casos s\u00e9rios de sa\u00fade e muitas vezes precisam ser transferidas para Recife. Fa\u00e7o apelo ao governador do Estado, certo de sua sensibilidade diante da grande necessidade que \u00e9 esse hospital para Caruaru e regi\u00e3o&#8221;, afirmou o vereador Mano do Som.<\/span><\/p>\n\n\n<p><\/p>\n","protected":false},"excerpt":{"rendered":"<p>O Hospital da Mulher, em Caruaru, come\u00e7ou a ser constru\u00eddo em 2013. O investimento \u00e9 mais de R$ 46 milh\u00f5es.&hellip;<\/p>\n","protected":false},"author":1,"featured_media":75779,"comment_status":"open","ping_status":"open","sticky":false,"template":"","format":"standard","meta":{"footnotes":""},"categories":[14122],"tags":[2,19532,3406,6,20,23045],"class_list":["post-75778","post","type-post","status-publish","format-standard","has-post-thumbnail","hentry","category-politica","tag-blog-do-edvaldo-magalhaes","tag-blog-mais-acessado-e-visualizado-de-caruaru-e-regiao","tag-caruaru","tag-noticias","tag-politica","tag-vereador-mano-do-som-pede-conclusao-da-obra-do-hospital-da-mulher-em-caruaru"],"_links":{"self":[{"href":"https:\/\/blogdoedvaldomagalhaes.com.br\/index.php\/wp-json\/wp\/v2\/posts\/75778","targetHints":{"allow":["GET"]}}],"collection":[{"href":"https:\/\/blogdoedvaldomagalhaes.com.br\/index.php\/wp-json\/wp\/v2\/posts"}],"about":[{"href":"https:\/\/blogdoedvaldomagalhaes.com.br\/index.php\/wp-json\/wp\/v2\/types\/post"}],"author":[{"embeddable":true,"href":"https:\/\/blogdoedvaldomagalhaes.com.br\/index.php\/wp-json\/wp\/v2\/users\/1"}],"replies":[{"embeddable":true,"href":"https:\/\/blogdoedvaldomagalhaes.com.br\/index.php\/wp-json\/wp\/v2\/comments?post=75778"}],"version-history":[{"count":5,"href":"https:\/\/blogdoedvaldomagalhaes.com.br\/index.php\/wp-json\/wp\/v2\/posts\/75778\/revisions"}],"predecessor-version":[{"id":75787,"href":"https:\/\/blogdoedvaldomagalhaes.com.br\/index.php\/wp-json\/wp\/v2\/posts\/75778\/revisions\/75787"}],"wp:featuredmedia":[{"embeddable":true,"href":"https:\/\/blogdoedvaldomagalhaes.com.br\/index.php\/wp-json\/wp\/v2\/media\/75779"}],"wp:attachment":[{"href":"https:\/\/blogdoedvaldomagalhaes.com.br\/index.php\/wp-json\/wp\/v2\/media?parent=75778"}],"wp:term":[{"taxonomy":"category","embeddable":true,"href":"https:\/\/blogdoedvaldomagalhaes.com.br\/index.php\/wp-json\/wp\/v2\/categories?post=75778"},{"taxonomy":"post_tag","embeddable":true,"href":"https:\/\/blogdoedvaldomagalhaes.com.br\/index.php\/wp-json\/wp\/v2\/tags?post=75778"}],"curies":[{"name":"wp","href":"https:\/\/api.w.org\/{rel}","templated":true}]}}