{"id":75772,"date":"2021-10-08T14:48:57","date_gmt":"2021-10-08T17:48:57","guid":{"rendered":"https:\/\/blogdoedvaldomagalhaes.com.br\/?p=75772"},"modified":"2021-10-08T21:05:05","modified_gmt":"2021-10-09T00:05:05","slug":"tres-mortos-e-cinco-feridos-apos-colisao-frontal-entre-dois-carros-na-br-232-no-agreste-pe","status":"publish","type":"post","link":"https:\/\/blogdoedvaldomagalhaes.com.br\/index.php\/2021\/10\/08\/tres-mortos-e-cinco-feridos-apos-colisao-frontal-entre-dois-carros-na-br-232-no-agreste-pe\/","title":{"rendered":"Seis mortos e dois feridos, ap\u00f3s colis\u00e3o frontal entre dois carros na BR 232, no Agreste-PE"},"content":{"rendered":"<p style=\"text-align: justify;\">Um grave acidente de tr\u00e2nsito aconteceu no final da manh\u00e3 desta sexta-feira (08), na BR-232, em Pesqueira, Agreste de Pernambuco. Dois ve\u00edculos bateram de frente no km 216.<\/p>\n<p style=\"text-align: justify;\">De acordo com a Pol\u00edcia Rodovi\u00e1ria Federal (PRF), seis pessoas morreram e duas ficaram feridas na batida entre um Etios e um KA.<\/p>\n<p style=\"text-align: justify;\">Em um dos carros estavam pai, m\u00e3e e duas filhas. O pai e uma das filhas, uma menina de 11 anos, morreram. A m\u00e3e foi socorrida para o Hospital Regional do Agreste (HRA), em Caruaru, e a beb\u00ea de 2 anos foi levada para o Hospital da Restaura\u00e7\u00e3o (HR), no Recife.<\/p>\n<p style=\"text-align: justify;\">O motorista e tr\u00eas mulheres que estavam no outro ve\u00edculo tamb\u00e9m morreram. Atuaram na ocorr\u00eancia a PRF, Corpo de Bombeiros, Instituto de Criminal\u00edstica e Instituto de Medicina Legal (IML).<\/p>\n\n\n<figure class=\"wp-block-image size-large\"><img loading=\"lazy\" decoding=\"async\" width=\"717\" height=\"517\" src=\"https:\/\/blogdoedvaldomagalhaes.com.br\/wp-content\/uploads\/2021\/10\/IMG-20211008-WA0304.jpg\" alt=\"\" class=\"wp-image-75774\" srcset=\"https:\/\/blogdoedvaldomagalhaes.com.br\/wp-content\/uploads\/2021\/10\/IMG-20211008-WA0304.jpg 717w, https:\/\/blogdoedvaldomagalhaes.com.br\/wp-content\/uploads\/2021\/10\/IMG-20211008-WA0304-300x216.jpg 300w\" sizes=\"auto, (max-width: 717px) 100vw, 717px\" \/><\/figure>\n\n\n\n<figure class=\"wp-block-image size-large\"><img loading=\"lazy\" decoding=\"async\" width=\"1024\" height=\"580\" src=\"https:\/\/blogdoedvaldomagalhaes.com.br\/wp-content\/uploads\/2021\/10\/IMG-20211008-WA0302-1024x580.jpg\" alt=\"\" class=\"wp-image-75775\" srcset=\"https:\/\/blogdoedvaldomagalhaes.com.br\/wp-content\/uploads\/2021\/10\/IMG-20211008-WA0302-1024x580.jpg 1024w, https:\/\/blogdoedvaldomagalhaes.com.br\/wp-content\/uploads\/2021\/10\/IMG-20211008-WA0302-300x170.jpg 300w, https:\/\/blogdoedvaldomagalhaes.com.br\/wp-content\/uploads\/2021\/10\/IMG-20211008-WA0302-768x435.jpg 768w, https:\/\/blogdoedvaldomagalhaes.com.br\/wp-content\/uploads\/2021\/10\/IMG-20211008-WA0302.jpg 1265w\" sizes=\"auto, (max-width: 1024px) 100vw, 1024px\" \/><\/figure>\n\n\n\n<figure class=\"wp-block-image size-large\"><img loading=\"lazy\" decoding=\"async\" width=\"651\" height=\"715\" src=\"https:\/\/blogdoedvaldomagalhaes.com.br\/wp-content\/uploads\/2021\/10\/IMG-20211008-WA0301.jpg\" alt=\"\" class=\"wp-image-75776\" srcset=\"https:\/\/blogdoedvaldomagalhaes.com.br\/wp-content\/uploads\/2021\/10\/IMG-20211008-WA0301.jpg 651w, https:\/\/blogdoedvaldomagalhaes.com.br\/wp-content\/uploads\/2021\/10\/IMG-20211008-WA0301-273x300.jpg 273w\" sizes=\"auto, (max-width: 651px) 100vw, 651px\" \/><figcaption>Fotos: Divulga\u00e7\u00e3o\/PRF<\/figcaption><\/figure>\n","protected":false},"excerpt":{"rendered":"<p>Um grave acidente de tr\u00e2nsito aconteceu no final da manh\u00e3 desta sexta-feira (08), na BR-232, em Pesqueira, Agreste de Pernambuco.&hellip;<\/p>\n","protected":false},"author":1,"featured_media":75773,"comment_status":"open","ping_status":"open","sticky":false,"template":"","format":"standard","meta":{"footnotes":""},"categories":[14120],"tags":[2,19532,3406,6,23044],"class_list":["post-75772","post","type-post","status-publish","format-standard","has-post-thumbnail","hentry","category-noticias","tag-blog-do-edvaldo-magalhaes","tag-blog-mais-acessado-e-visualizado-de-caruaru-e-regiao","tag-caruaru","tag-noticias","tag-tres-mortos-e-cinco-feridos-apos-colisao-frontal-entre-dois-carros-na-br-232-no-agreste-pe"],"_links":{"self":[{"href":"https:\/\/blogdoedvaldomagalhaes.com.br\/index.php\/wp-json\/wp\/v2\/posts\/75772","targetHints":{"allow":["GET"]}}],"collection":[{"href":"https:\/\/blogdoedvaldomagalhaes.com.br\/index.php\/wp-json\/wp\/v2\/posts"}],"about":[{"href":"https:\/\/blogdoedvaldomagalhaes.com.br\/index.php\/wp-json\/wp\/v2\/types\/post"}],"author":[{"embeddable":true,"href":"https:\/\/blogdoedvaldomagalhaes.com.br\/index.php\/wp-json\/wp\/v2\/users\/1"}],"replies":[{"embeddable":true,"href":"https:\/\/blogdoedvaldomagalhaes.com.br\/index.php\/wp-json\/wp\/v2\/comments?post=75772"}],"version-history":[{"count":6,"href":"https:\/\/blogdoedvaldomagalhaes.com.br\/index.php\/wp-json\/wp\/v2\/posts\/75772\/revisions"}],"predecessor-version":[{"id":75806,"href":"https:\/\/blogdoedvaldomagalhaes.com.br\/index.php\/wp-json\/wp\/v2\/posts\/75772\/revisions\/75806"}],"wp:featuredmedia":[{"embeddable":true,"href":"https:\/\/blogdoedvaldomagalhaes.com.br\/index.php\/wp-json\/wp\/v2\/media\/75773"}],"wp:attachment":[{"href":"https:\/\/blogdoedvaldomagalhaes.com.br\/index.php\/wp-json\/wp\/v2\/media?parent=75772"}],"wp:term":[{"taxonomy":"category","embeddable":true,"href":"https:\/\/blogdoedvaldomagalhaes.com.br\/index.php\/wp-json\/wp\/v2\/categories?post=75772"},{"taxonomy":"post_tag","embeddable":true,"href":"https:\/\/blogdoedvaldomagalhaes.com.br\/index.php\/wp-json\/wp\/v2\/tags?post=75772"}],"curies":[{"name":"wp","href":"https:\/\/api.w.org\/{rel}","templated":true}]}}