{"id":75765,"date":"2021-10-08T13:44:31","date_gmt":"2021-10-08T16:44:31","guid":{"rendered":"https:\/\/blogdoedvaldomagalhaes.com.br\/?p=75765"},"modified":"2021-10-08T13:46:51","modified_gmt":"2021-10-08T16:46:51","slug":"anderson-correia-promove-debate-com-orgaos-de-seguranca-publica-sobre-trafico-de-animais-silvestres","status":"publish","type":"post","link":"https:\/\/blogdoedvaldomagalhaes.com.br\/index.php\/2021\/10\/08\/anderson-correia-promove-debate-com-orgaos-de-seguranca-publica-sobre-trafico-de-animais-silvestres\/","title":{"rendered":"Anderson Correia promove debate com \u00f3rg\u00e3os de seguran\u00e7a p\u00fablica sobre tr\u00e1fico de animais silvestres"},"content":{"rendered":"<p style=\"text-align: justify;\">O <span style=\"font-size: inherit;\">vereador e Presidente da Comiss\u00e3o Permanente dos Direitos dos Animais, Anderson Correia (PP), promoveu, na manh\u00e3 desta sexta-feira (8), um debate com a participa\u00e7\u00e3o de diversos \u00f3rg\u00e3os de seguran\u00e7a p\u00fablica \u2013 municipal e estadual \u2013, com a pauta voltada para o tr\u00e1fico de animais silvestres no munic\u00edpio de Caruaru. Na ocasi\u00e3o foram debatidas pol\u00edticas p\u00fablicas para a coibi\u00e7\u00e3o de todo tipo de tr\u00e1fico destes animais, que geralmente ocorre nas principais feiras da Capital do Agreste.<\/span><\/p>\n<p style=\"text-align: justify;\">\u201cFoi um debate de alto n\u00edvel, com pessoas que entendem sobre estrat\u00e9gias para combatermos todo tr\u00e1fico que vem ocorrendo h\u00e1 um bom tempo em Caruaru. Os animais silvestres sofrem muitos maus-tratos em meio a isso tudo, al\u00e9m de ser uma pr\u00e1tica ilegal, que precisamos extinguir de nosso munic\u00edpio. Minha gratid\u00e3o a todos os representantes dos \u00f3rg\u00e3os de seguran\u00e7a p\u00fablica que estiveram presentes e contribu\u00edram para este momento. \u00c9 unindo for\u00e7as com pessoas competentes, que chegaremos ao \u00eaxito dentro desta causa t\u00e3o nobre, que \u00e9 a causa animal\u201d, destacou Anderson Correia.<\/p>\n<p style=\"text-align: justify;\">Estiveram presentes na reuni\u00e3o representantes da Pol\u00edcia Federal, Pol\u00edcia Civil, Pol\u00edcia Militar (4\u00ba Batalh\u00e3o e Dinter I), Ibama, Guarda Municipal e CPRH. V\u00e1rias ideias, a\u00e7\u00f5es e estrat\u00e9gias foram discutidas sobre o tema no evento, e muitas delas ser\u00e3o colocadas em pr\u00e1tica muito em breve, conforme o comprometimento dos envolvidos no debate.<\/p>\n\n\n<figure class=\"wp-block-image size-large\"><img loading=\"lazy\" decoding=\"async\" width=\"1024\" height=\"768\" src=\"https:\/\/blogdoedvaldomagalhaes.com.br\/wp-content\/uploads\/2021\/10\/IMG-20211008-WA0188-1024x768.jpg\" alt=\"\" class=\"wp-image-75767\" srcset=\"https:\/\/blogdoedvaldomagalhaes.com.br\/wp-content\/uploads\/2021\/10\/IMG-20211008-WA0188-1024x768.jpg 1024w, https:\/\/blogdoedvaldomagalhaes.com.br\/wp-content\/uploads\/2021\/10\/IMG-20211008-WA0188-300x225.jpg 300w, https:\/\/blogdoedvaldomagalhaes.com.br\/wp-content\/uploads\/2021\/10\/IMG-20211008-WA0188-768x576.jpg 768w, https:\/\/blogdoedvaldomagalhaes.com.br\/wp-content\/uploads\/2021\/10\/IMG-20211008-WA0188-160x120.jpg 160w, https:\/\/blogdoedvaldomagalhaes.com.br\/wp-content\/uploads\/2021\/10\/IMG-20211008-WA0188.jpg 1156w\" sizes=\"auto, (max-width: 1024px) 100vw, 1024px\" \/><figcaption>Fotos: Vladimir Barreto<\/figcaption><\/figure>\n","protected":false},"excerpt":{"rendered":"<p>O vereador e Presidente da Comiss\u00e3o Permanente dos Direitos dos Animais, Anderson Correia (PP), promoveu, na manh\u00e3 desta sexta-feira (8),&hellip;<\/p>\n","protected":false},"author":1,"featured_media":75766,"comment_status":"open","ping_status":"open","sticky":false,"template":"","format":"standard","meta":{"footnotes":""},"categories":[14122],"tags":[23043,2,19532,3406,6],"class_list":["post-75765","post","type-post","status-publish","format-standard","has-post-thumbnail","hentry","category-politica","tag-anderson-correia-promove-debate-com-orgaos-de-seguranca-publica-sobre-trafico-de-animais-silvestres","tag-blog-do-edvaldo-magalhaes","tag-blog-mais-acessado-e-visualizado-de-caruaru-e-regiao","tag-caruaru","tag-noticias"],"_links":{"self":[{"href":"https:\/\/blogdoedvaldomagalhaes.com.br\/index.php\/wp-json\/wp\/v2\/posts\/75765","targetHints":{"allow":["GET"]}}],"collection":[{"href":"https:\/\/blogdoedvaldomagalhaes.com.br\/index.php\/wp-json\/wp\/v2\/posts"}],"about":[{"href":"https:\/\/blogdoedvaldomagalhaes.com.br\/index.php\/wp-json\/wp\/v2\/types\/post"}],"author":[{"embeddable":true,"href":"https:\/\/blogdoedvaldomagalhaes.com.br\/index.php\/wp-json\/wp\/v2\/users\/1"}],"replies":[{"embeddable":true,"href":"https:\/\/blogdoedvaldomagalhaes.com.br\/index.php\/wp-json\/wp\/v2\/comments?post=75765"}],"version-history":[{"count":2,"href":"https:\/\/blogdoedvaldomagalhaes.com.br\/index.php\/wp-json\/wp\/v2\/posts\/75765\/revisions"}],"predecessor-version":[{"id":75769,"href":"https:\/\/blogdoedvaldomagalhaes.com.br\/index.php\/wp-json\/wp\/v2\/posts\/75765\/revisions\/75769"}],"wp:featuredmedia":[{"embeddable":true,"href":"https:\/\/blogdoedvaldomagalhaes.com.br\/index.php\/wp-json\/wp\/v2\/media\/75766"}],"wp:attachment":[{"href":"https:\/\/blogdoedvaldomagalhaes.com.br\/index.php\/wp-json\/wp\/v2\/media?parent=75765"}],"wp:term":[{"taxonomy":"category","embeddable":true,"href":"https:\/\/blogdoedvaldomagalhaes.com.br\/index.php\/wp-json\/wp\/v2\/categories?post=75765"},{"taxonomy":"post_tag","embeddable":true,"href":"https:\/\/blogdoedvaldomagalhaes.com.br\/index.php\/wp-json\/wp\/v2\/tags?post=75765"}],"curies":[{"name":"wp","href":"https:\/\/api.w.org\/{rel}","templated":true}]}}