{"id":75758,"date":"2021-10-08T11:16:38","date_gmt":"2021-10-08T14:16:38","guid":{"rendered":"https:\/\/blogdoedvaldomagalhaes.com.br\/?p=75758"},"modified":"2021-10-08T11:21:41","modified_gmt":"2021-10-08T14:21:41","slug":"projeto-de-lei-que-cria-dia-do-capelao-e-aprovado-em-caruaru","status":"publish","type":"post","link":"https:\/\/blogdoedvaldomagalhaes.com.br\/index.php\/2021\/10\/08\/projeto-de-lei-que-cria-dia-do-capelao-e-aprovado-em-caruaru\/","title":{"rendered":"Projeto de Lei que cria Dia do Capel\u00e3o \u00e9 aprovado em Caruaru"},"content":{"rendered":"<p style=\"text-align: justify;\"><span style=\"font-size: inherit;\">A propositura foi do vereador Jorge Quintino que instituiu no Calend\u00e1rio Oficial de Datas e Eventos do Munic\u00edpio de Caruaru, o dia 30 de novembro como sendo o Dia do Capel\u00e3o.<\/span><\/p>\n<p style=\"text-align: justify;\">No Dia do Capel\u00e3o, a sociedade civil organizada, poder\u00e1 promover reuni\u00f5es religiosas, palestras, semin\u00e1rios e atividades comemorativas da data, que dever\u00e3o ser extensivas ao p\u00fablico em geral.<\/p>\n<p style=\"text-align: justify;\">A data \u00e9, de acordo com a PL 8947\/2021 do vereador, para dar destaque a este ministro religioso que presta uma importante assist\u00eancia em comunidades, col\u00e9gios, universidades, hospitais, pres\u00eddios, corpora\u00e7\u00f5es militares e outras organiza\u00e7\u00f5es que geralmente \u00e9 oficiado por um padre ou pastor.<\/p>\n","protected":false},"excerpt":{"rendered":"<p>A propositura foi do vereador Jorge Quintino que instituiu no Calend\u00e1rio Oficial de Datas e Eventos do Munic\u00edpio de Caruaru,&hellip;<\/p>\n","protected":false},"author":1,"featured_media":75764,"comment_status":"open","ping_status":"open","sticky":false,"template":"","format":"standard","meta":{"footnotes":""},"categories":[14122],"tags":[2,19532,3406,6,20,23042],"class_list":["post-75758","post","type-post","status-publish","format-standard","has-post-thumbnail","hentry","category-politica","tag-blog-do-edvaldo-magalhaes","tag-blog-mais-acessado-e-visualizado-de-caruaru-e-regiao","tag-caruaru","tag-noticias","tag-politica","tag-projeto-de-lei-que-cria-dia-do-capelao-e-aprovado-em-caruaru"],"_links":{"self":[{"href":"https:\/\/blogdoedvaldomagalhaes.com.br\/index.php\/wp-json\/wp\/v2\/posts\/75758","targetHints":{"allow":["GET"]}}],"collection":[{"href":"https:\/\/blogdoedvaldomagalhaes.com.br\/index.php\/wp-json\/wp\/v2\/posts"}],"about":[{"href":"https:\/\/blogdoedvaldomagalhaes.com.br\/index.php\/wp-json\/wp\/v2\/types\/post"}],"author":[{"embeddable":true,"href":"https:\/\/blogdoedvaldomagalhaes.com.br\/index.php\/wp-json\/wp\/v2\/users\/1"}],"replies":[{"embeddable":true,"href":"https:\/\/blogdoedvaldomagalhaes.com.br\/index.php\/wp-json\/wp\/v2\/comments?post=75758"}],"version-history":[{"count":1,"href":"https:\/\/blogdoedvaldomagalhaes.com.br\/index.php\/wp-json\/wp\/v2\/posts\/75758\/revisions"}],"predecessor-version":[{"id":75759,"href":"https:\/\/blogdoedvaldomagalhaes.com.br\/index.php\/wp-json\/wp\/v2\/posts\/75758\/revisions\/75759"}],"wp:featuredmedia":[{"embeddable":true,"href":"https:\/\/blogdoedvaldomagalhaes.com.br\/index.php\/wp-json\/wp\/v2\/media\/75764"}],"wp:attachment":[{"href":"https:\/\/blogdoedvaldomagalhaes.com.br\/index.php\/wp-json\/wp\/v2\/media?parent=75758"}],"wp:term":[{"taxonomy":"category","embeddable":true,"href":"https:\/\/blogdoedvaldomagalhaes.com.br\/index.php\/wp-json\/wp\/v2\/categories?post=75758"},{"taxonomy":"post_tag","embeddable":true,"href":"https:\/\/blogdoedvaldomagalhaes.com.br\/index.php\/wp-json\/wp\/v2\/tags?post=75758"}],"curies":[{"name":"wp","href":"https:\/\/api.w.org\/{rel}","templated":true}]}}