{"id":75755,"date":"2021-10-08T09:30:22","date_gmt":"2021-10-08T12:30:22","guid":{"rendered":"https:\/\/blogdoedvaldomagalhaes.com.br\/?p=75755"},"modified":"2021-10-08T09:30:24","modified_gmt":"2021-10-08T12:30:24","slug":"motorista-que-estava-sendo-feito-refem-por-assaltantes-e-resgatado-pela-prf-na-br-232","status":"publish","type":"post","link":"https:\/\/blogdoedvaldomagalhaes.com.br\/index.php\/2021\/10\/08\/motorista-que-estava-sendo-feito-refem-por-assaltantes-e-resgatado-pela-prf-na-br-232\/","title":{"rendered":"Motorista que estava sendo feito ref\u00e9m por assaltantes \u00e9 resgatado pela PRF na BR 232"},"content":{"rendered":"<p style=\"text-align: justify;\"><span style=\"font-size: inherit;\">O motorista de caminh\u00e3o que estava sendo feito ref\u00e9m por assaltantes foi resgatado na noite de quinta-feira (7), pela Pol\u00edcia Rodovi\u00e1ria Federal (PRF), na BR 232, em Sert\u00e2nia, no Sert\u00e3o de Pernambuco. Um carro que era utilizado para transportar a v\u00edtima foi apreendido na a\u00e7\u00e3o.<\/span><\/p>\n<p style=\"text-align: justify;\">Policiais receberam uma den\u00fancia de que um caminh\u00e3o havia sido assaltado pr\u00f3ximo a Serra Talhada, tamb\u00e9m no Sert\u00e3o, e montaram um bloqueio no Km 278 da rodovia. Horas depois, avistaram um carro com as mesmas caracter\u00edsticas do que havia sido utilizado na a\u00e7\u00e3o criminosa e deram ordem de parada ao motorista, que desobedeceu e fugiu em alta velocidade.<\/p>\n<p style=\"text-align: justify;\">Ap\u00f3s alguns quil\u00f4metros, o carro colidiu em uma cerca, o condutor e o passageiro desembarcaram do ve\u00edculo e correram para uma \u00e1rea de mata. Foram realizadas buscas na regi\u00e3o, mas eles n\u00e3o foram localizados.<\/p>\n<p style=\"text-align: justify;\">Dentro do carro, foi encontrado o motorista do caminh\u00e3o, que estava sendo procurado atrav\u00e9s das redes sociais. Ele agradeceu muito \u00e0 equipe e entrou em contato com a fam\u00edlia, que estava aflita por n\u00e3o ter not\u00edcias dele.<\/p>\n<p style=\"text-align: justify;\">O carro n\u00e3o possu\u00eda registro de roubo. O homem foi conduzido \u00e0 Delegacia de Pol\u00edcia Civil de Serra Talhada, para realizar o registro da ocorr\u00eancia, e o ve\u00edculo foi entregue na Delegacia de Arcoverde.<\/p>\n","protected":false},"excerpt":{"rendered":"<p>O motorista de caminh\u00e3o que estava sendo feito ref\u00e9m por assaltantes foi resgatado na noite de quinta-feira (7), pela Pol\u00edcia&hellip;<\/p>\n","protected":false},"author":1,"featured_media":75756,"comment_status":"open","ping_status":"open","sticky":false,"template":"","format":"standard","meta":{"footnotes":""},"categories":[14121],"tags":[2,19532,3406,23041,6],"class_list":["post-75755","post","type-post","status-publish","format-standard","has-post-thumbnail","hentry","category-policial","tag-blog-do-edvaldo-magalhaes","tag-blog-mais-acessado-e-visualizado-de-caruaru-e-regiao","tag-caruaru","tag-motorista-que-estava-sendo-feito-refem-por-assaltantes-e-resgatado-pela-prf-na-br-232","tag-noticias"],"_links":{"self":[{"href":"https:\/\/blogdoedvaldomagalhaes.com.br\/index.php\/wp-json\/wp\/v2\/posts\/75755","targetHints":{"allow":["GET"]}}],"collection":[{"href":"https:\/\/blogdoedvaldomagalhaes.com.br\/index.php\/wp-json\/wp\/v2\/posts"}],"about":[{"href":"https:\/\/blogdoedvaldomagalhaes.com.br\/index.php\/wp-json\/wp\/v2\/types\/post"}],"author":[{"embeddable":true,"href":"https:\/\/blogdoedvaldomagalhaes.com.br\/index.php\/wp-json\/wp\/v2\/users\/1"}],"replies":[{"embeddable":true,"href":"https:\/\/blogdoedvaldomagalhaes.com.br\/index.php\/wp-json\/wp\/v2\/comments?post=75755"}],"version-history":[{"count":1,"href":"https:\/\/blogdoedvaldomagalhaes.com.br\/index.php\/wp-json\/wp\/v2\/posts\/75755\/revisions"}],"predecessor-version":[{"id":75757,"href":"https:\/\/blogdoedvaldomagalhaes.com.br\/index.php\/wp-json\/wp\/v2\/posts\/75755\/revisions\/75757"}],"wp:featuredmedia":[{"embeddable":true,"href":"https:\/\/blogdoedvaldomagalhaes.com.br\/index.php\/wp-json\/wp\/v2\/media\/75756"}],"wp:attachment":[{"href":"https:\/\/blogdoedvaldomagalhaes.com.br\/index.php\/wp-json\/wp\/v2\/media?parent=75755"}],"wp:term":[{"taxonomy":"category","embeddable":true,"href":"https:\/\/blogdoedvaldomagalhaes.com.br\/index.php\/wp-json\/wp\/v2\/categories?post=75755"},{"taxonomy":"post_tag","embeddable":true,"href":"https:\/\/blogdoedvaldomagalhaes.com.br\/index.php\/wp-json\/wp\/v2\/tags?post=75755"}],"curies":[{"name":"wp","href":"https:\/\/api.w.org\/{rel}","templated":true}]}}