{"id":75751,"date":"2021-10-08T08:31:05","date_gmt":"2021-10-08T11:31:05","guid":{"rendered":"https:\/\/blogdoedvaldomagalhaes.com.br\/?p=75751"},"modified":"2021-10-08T08:31:07","modified_gmt":"2021-10-08T11:31:07","slug":"dupla-e-presa-com-pecas-de-jeans-roubadas-em-toritama","status":"publish","type":"post","link":"https:\/\/blogdoedvaldomagalhaes.com.br\/index.php\/2021\/10\/08\/dupla-e-presa-com-pecas-de-jeans-roubadas-em-toritama\/","title":{"rendered":"Dupla \u00e9 presa com pe\u00e7as de jeans roubadas em Toritama"},"content":{"rendered":"<p style=\"text-align: justify;\"><span style=\"font-size: inherit;\">Dois homens foram presos, nessa quinta-feira (07\/10), por posse ilegal de armas de fogo, e roubo de carro, confec\u00e7\u00f5es e celulares, em Toritama. Uma equipe do BEPI realizava uma opera\u00e7\u00e3o de combate aos homic\u00eddios na cidade, quando abordou os ocupantes de um Onix, localizando o material.<\/span><\/p>\n<p style=\"text-align: justify;\">No interior do ve\u00edculo, jogados na parte de tr\u00e1s, o efetivo localizou cinco celulares com queixa de roubo, um rev\u00f3lver calibre 32 com quatro muni\u00e7\u00f5es, um rev\u00f3ver calibre 22 com sete muni\u00e7\u00f5es e 185 cal\u00e7as jeans. O carro tamb\u00e9m era roubado e estava com as placas clonadas.<\/p>\n<p style=\"text-align: justify;\">Logo ap\u00f3s a abordagem, duas v\u00edtimas entraram em contato com a equipe e fizeram o reconhecimento da dupla. Diante dos fatos, pos envolvidos foram encaminhados, juntamente com o material apreendido, para a Delegacia de Pol\u00edcia da cidade, para ado\u00e7\u00e3o das medidas cab\u00edveis.<\/p>\n\n\n<figure class=\"wp-block-image size-large\"><img loading=\"lazy\" decoding=\"async\" width=\"576\" height=\"1024\" src=\"https:\/\/blogdoedvaldomagalhaes.com.br\/wp-content\/uploads\/2021\/10\/IMG-20211008-WA0035-576x1024.jpg\" alt=\"\" class=\"wp-image-75753\" srcset=\"https:\/\/blogdoedvaldomagalhaes.com.br\/wp-content\/uploads\/2021\/10\/IMG-20211008-WA0035-576x1024.jpg 576w, https:\/\/blogdoedvaldomagalhaes.com.br\/wp-content\/uploads\/2021\/10\/IMG-20211008-WA0035-169x300.jpg 169w, https:\/\/blogdoedvaldomagalhaes.com.br\/wp-content\/uploads\/2021\/10\/IMG-20211008-WA0035.jpg 720w\" sizes=\"auto, (max-width: 576px) 100vw, 576px\" \/><figcaption>Foto: Divulga\u00e7\u00e3o\/PMPE<\/figcaption><\/figure>\n","protected":false},"excerpt":{"rendered":"<p>Dois homens foram presos, nessa quinta-feira (07\/10), por posse ilegal de armas de fogo, e roubo de carro, confec\u00e7\u00f5es e&hellip;<\/p>\n","protected":false},"author":1,"featured_media":75752,"comment_status":"open","ping_status":"open","sticky":false,"template":"","format":"standard","meta":{"footnotes":""},"categories":[14121],"tags":[2,19532,3406,23040,6],"class_list":["post-75751","post","type-post","status-publish","format-standard","has-post-thumbnail","hentry","category-policial","tag-blog-do-edvaldo-magalhaes","tag-blog-mais-acessado-e-visualizado-de-caruaru-e-regiao","tag-caruaru","tag-dupla-e-presa-com-pecas-de-jeans-roubadas-em-toritama","tag-noticias"],"_links":{"self":[{"href":"https:\/\/blogdoedvaldomagalhaes.com.br\/index.php\/wp-json\/wp\/v2\/posts\/75751","targetHints":{"allow":["GET"]}}],"collection":[{"href":"https:\/\/blogdoedvaldomagalhaes.com.br\/index.php\/wp-json\/wp\/v2\/posts"}],"about":[{"href":"https:\/\/blogdoedvaldomagalhaes.com.br\/index.php\/wp-json\/wp\/v2\/types\/post"}],"author":[{"embeddable":true,"href":"https:\/\/blogdoedvaldomagalhaes.com.br\/index.php\/wp-json\/wp\/v2\/users\/1"}],"replies":[{"embeddable":true,"href":"https:\/\/blogdoedvaldomagalhaes.com.br\/index.php\/wp-json\/wp\/v2\/comments?post=75751"}],"version-history":[{"count":1,"href":"https:\/\/blogdoedvaldomagalhaes.com.br\/index.php\/wp-json\/wp\/v2\/posts\/75751\/revisions"}],"predecessor-version":[{"id":75754,"href":"https:\/\/blogdoedvaldomagalhaes.com.br\/index.php\/wp-json\/wp\/v2\/posts\/75751\/revisions\/75754"}],"wp:featuredmedia":[{"embeddable":true,"href":"https:\/\/blogdoedvaldomagalhaes.com.br\/index.php\/wp-json\/wp\/v2\/media\/75752"}],"wp:attachment":[{"href":"https:\/\/blogdoedvaldomagalhaes.com.br\/index.php\/wp-json\/wp\/v2\/media?parent=75751"}],"wp:term":[{"taxonomy":"category","embeddable":true,"href":"https:\/\/blogdoedvaldomagalhaes.com.br\/index.php\/wp-json\/wp\/v2\/categories?post=75751"},{"taxonomy":"post_tag","embeddable":true,"href":"https:\/\/blogdoedvaldomagalhaes.com.br\/index.php\/wp-json\/wp\/v2\/tags?post=75751"}],"curies":[{"name":"wp","href":"https:\/\/api.w.org\/{rel}","templated":true}]}}