{"id":75748,"date":"2021-10-08T07:51:56","date_gmt":"2021-10-08T10:51:56","guid":{"rendered":"https:\/\/blogdoedvaldomagalhaes.com.br\/?p=75748"},"modified":"2021-10-08T07:51:57","modified_gmt":"2021-10-08T10:51:57","slug":"liberacao-do-uso-de-mascaras-em-pernambuco-so-sera-possivel-com-80-da-populacao-vacinada","status":"publish","type":"post","link":"https:\/\/blogdoedvaldomagalhaes.com.br\/index.php\/2021\/10\/08\/liberacao-do-uso-de-mascaras-em-pernambuco-so-sera-possivel-com-80-da-populacao-vacinada\/","title":{"rendered":"Libera\u00e7\u00e3o do uso de m\u00e1scaras em Pernambuco s\u00f3 ser\u00e1 poss\u00edvel com 80% da popula\u00e7\u00e3o vacinada"},"content":{"rendered":"<div style=\"text-align: justify;\">O secret\u00e1rio estadual de Sa\u00fade, Andr\u00e9 Longo, afirmou, em coletiva de imprensa do Governo de Pernambuco, na manh\u00e3 desta quinta-feira (07.10), que a desobriga\u00e7\u00e3o do uso da m\u00e1scara de prote\u00e7\u00e3o para conten\u00e7\u00e3o da Covid-19 s\u00f3 ser\u00e1 poss\u00edvel com o avan\u00e7o da vacina\u00e7\u00e3o completa no Estado. De acordo com o gestor, ser\u00e1 preciso atingir, no m\u00ednimo, 80% da popula\u00e7\u00e3o eleg\u00edvel vacinada com duas doses, ou com a vacina de dose \u00fanica, para come\u00e7ar a pensar em suspender cuidados preventivos. Atualmente, em Pernambuco, 50% da popula\u00e7\u00e3o acima dos 12 anos j\u00e1 concluiu o esquema vacinal.<\/div>\n<div style=\"text-align: justify;\"><\/div>\n<div style=\"text-align: justify;\">\u201cS\u00f3 podemos pensar em abdicar de algum tipo de cuidado quando atingirmos ao menos 80% da popula\u00e7\u00e3o eleg\u00edvel totalmente vacinada. Antes disso, qualquer medida nesse sentido significa correr riscos e, aqui em Pernambuco, nosso compromisso \u00e9 com a vida. Por isso, vamos continuar trabalhando seguindo a ci\u00eancia\u201d, destacou Andr\u00e9 Longo.<\/div>\n<div style=\"text-align: justify;\"><\/div>\n<div style=\"text-align: justify;\">No entanto, o secret\u00e1rio ressaltou que este m\u00eas de outubro pode ser decisivo para o avan\u00e7o na vacina\u00e7\u00e3o e, consequentemente, a supera\u00e7\u00e3o da pandemia. \u201cNesta quinta-feira, vamos alcan\u00e7ar a marca de 50% da popula\u00e7\u00e3o acima dos 12 anos com ciclo de vacina\u00e7\u00e3o completo. s\u00e3o mais de 3,8 milh\u00f5es de pessoas. At\u00e9 o final deste m\u00eas, j\u00e1 teremos oferecido as duas doses da vacina para todos os adultos acima dos 18 anos. A vacina\u00e7\u00e3o, mais que um direito de cada pernambucana e de cada pernambucano, \u00e9 a \u00fanica forma de voltarmos a viver uma vida normal, sem o risco de contamina\u00e7\u00e3o pelo v\u00edrus\u201d, afirmou Longo, acrescentando que todas as vacinas em uso no Brasil passaram pelas fases cl\u00ednicas de pesquisa, tiveram seus dados de efic\u00e1cia e seguran\u00e7a avaliados e aprovados pela Anvisa e pelas mais importantes ag\u00eancias internacionais. Portanto, s\u00e3o seguras, est\u00e3o mostrando na pr\u00e1tica que s\u00e3o eficientes e que podem salvar vidas.<\/div>\n<div style=\"text-align: justify;\"><\/div>\n<div style=\"text-align: justify;\">O pediatra Eduardo Jorge \u2013 representante regional da Sociedade Brasileira de Imuniza\u00e7\u00f5es (Sbim) no Comit\u00ea T\u00e9cnico Estadual para Acompanhamento da Vacina\u00e7\u00e3o em Pernambuco \u2013 tamb\u00e9m participou da coletiva de imprensa e ratificou a import\u00e2ncia de o Estado alcan\u00e7ar ao menos 80% da popula\u00e7\u00e3o vacinada para reavaliar as medidas de precau\u00e7\u00e3o contra a doen\u00e7a. \u201cRefor\u00e7amos, mais uma vez, que o debate sobre a desobriga\u00e7\u00e3o de m\u00e1scaras \u00e9 extremamente precoce e inadequado neste momento. Estamos no caminho certo, mas ainda h\u00e1 muito a ser trilhado nesta batalha contra o novo coronav\u00edrus. Precisamos ter, no m\u00ednimo, 80% da popula\u00e7\u00e3o com o esquema vacinal completo, o que deve acontecer, provavelmente, em novembro. At\u00e9 l\u00e1, todas as medidas de cuidados poss\u00edveis devem continuar\u201d, pontuou.<\/div>\n<div style=\"text-align: justify;\"><\/div>\n<div style=\"text-align: justify;\">DADOS EPIDEMIOL\u00d3GICOS \u2013 Reflexo do avan\u00e7o da vacina\u00e7\u00e3o no Estado, o cen\u00e1rio epidemiol\u00f3gico da Covid-19 em Pernambuco apresenta uma tend\u00eancia sustentada de redu\u00e7\u00e3o em todos os indicadores. Na Semana Epidemiol\u00f3gica (SE) 39, que compreende o per\u00edodo entre 26\/09 e 02\/10, foram registrados 426 casos de S\u00edndrome Respirat\u00f3ria Aguda Grave (Srag), o que representa uma queda de 13% em rela\u00e7\u00e3o \u00e0 SE 38 (19 a 25\/09) e de 17% em compara\u00e7\u00e3o \u00e0 SE 37 (12 a 18\/09). Al\u00e9m disso, a taxa de positividade geral (n\u00famero de testes positivos em rela\u00e7\u00e3o ao total de exames realizados) permanece baixa, oscilando entre 7 e 6% h\u00e1 6 semanas seguidas.<\/div>\n<div style=\"text-align: justify;\"><\/div>\n<div style=\"text-align: justify;\">J\u00e1 em rela\u00e7\u00e3o \u00e0s solicita\u00e7\u00f5es de vagas de UTI, a Central Estadual de Regula\u00e7\u00e3o Hospitalar voltou a registrar queda expressiva no indicador. No total, foram 247 solicita\u00e7\u00f5es na Semana Epidemiol\u00f3gica 39 \u2013 uma redu\u00e7\u00e3o de 12% em rela\u00e7\u00e3o \u00e0 semana 38. \u201cRefor\u00e7o que, para evitarmos um novo repique na doen\u00e7a, e para mantermos esta tend\u00eancia de queda, s\u00f3 h\u00e1 um caminho poss\u00edvel: o engajamento de todos para o avan\u00e7o da vacina\u00e7\u00e3o, e da vacina\u00e7\u00e3o com ciclo completo\u201d, salientou Andr\u00e9 Longo.<\/div>\n","protected":false},"excerpt":{"rendered":"<p>O secret\u00e1rio estadual de Sa\u00fade, Andr\u00e9 Longo, afirmou, em coletiva de imprensa do Governo de Pernambuco, na manh\u00e3 desta quinta-feira&hellip;<\/p>\n","protected":false},"author":1,"featured_media":75749,"comment_status":"open","ping_status":"open","sticky":false,"template":"","format":"standard","meta":{"footnotes":""},"categories":[14120],"tags":[2,19532,3406,23039,2252],"class_list":["post-75748","post","type-post","status-publish","format-standard","has-post-thumbnail","hentry","category-noticias","tag-blog-do-edvaldo-magalhaes","tag-blog-mais-acessado-e-visualizado-de-caruaru-e-regiao","tag-caruaru","tag-liberacao-do-uso-de-mascaras-em-pernambuco-so-sera-possivel-com-80-da-populacao-vacinada","tag-noticia"],"_links":{"self":[{"href":"https:\/\/blogdoedvaldomagalhaes.com.br\/index.php\/wp-json\/wp\/v2\/posts\/75748","targetHints":{"allow":["GET"]}}],"collection":[{"href":"https:\/\/blogdoedvaldomagalhaes.com.br\/index.php\/wp-json\/wp\/v2\/posts"}],"about":[{"href":"https:\/\/blogdoedvaldomagalhaes.com.br\/index.php\/wp-json\/wp\/v2\/types\/post"}],"author":[{"embeddable":true,"href":"https:\/\/blogdoedvaldomagalhaes.com.br\/index.php\/wp-json\/wp\/v2\/users\/1"}],"replies":[{"embeddable":true,"href":"https:\/\/blogdoedvaldomagalhaes.com.br\/index.php\/wp-json\/wp\/v2\/comments?post=75748"}],"version-history":[{"count":1,"href":"https:\/\/blogdoedvaldomagalhaes.com.br\/index.php\/wp-json\/wp\/v2\/posts\/75748\/revisions"}],"predecessor-version":[{"id":75750,"href":"https:\/\/blogdoedvaldomagalhaes.com.br\/index.php\/wp-json\/wp\/v2\/posts\/75748\/revisions\/75750"}],"wp:featuredmedia":[{"embeddable":true,"href":"https:\/\/blogdoedvaldomagalhaes.com.br\/index.php\/wp-json\/wp\/v2\/media\/75749"}],"wp:attachment":[{"href":"https:\/\/blogdoedvaldomagalhaes.com.br\/index.php\/wp-json\/wp\/v2\/media?parent=75748"}],"wp:term":[{"taxonomy":"category","embeddable":true,"href":"https:\/\/blogdoedvaldomagalhaes.com.br\/index.php\/wp-json\/wp\/v2\/categories?post=75748"},{"taxonomy":"post_tag","embeddable":true,"href":"https:\/\/blogdoedvaldomagalhaes.com.br\/index.php\/wp-json\/wp\/v2\/tags?post=75748"}],"curies":[{"name":"wp","href":"https:\/\/api.w.org\/{rel}","templated":true}]}}