{"id":75745,"date":"2021-10-08T07:38:58","date_gmt":"2021-10-08T10:38:58","guid":{"rendered":"https:\/\/blogdoedvaldomagalhaes.com.br\/?p=75745"},"modified":"2021-10-08T14:01:13","modified_gmt":"2021-10-08T17:01:13","slug":"morre-em-caruaru-o-medico-severino-omena-aos-85-anos","status":"publish","type":"post","link":"https:\/\/blogdoedvaldomagalhaes.com.br\/index.php\/2021\/10\/08\/morre-em-caruaru-o-medico-severino-omena-aos-85-anos\/","title":{"rendered":"Morre em Caruaru, m\u00e9dico Severino Omena, aos 85 anos"},"content":{"rendered":"<p style=\"text-align: justify;\">Morreu na madrugada desta sexta-feira (08), em Caruaru, o m\u00e9dico Severino Omena, aos 85 anos. Dr. Omena, como era conhecido, foi um dos fundadores do Hospital Santa Efig\u00eania, em 1981. Ele faleceu em casa. A causa da morte ainda n\u00e3o foi informada pela fam\u00edlia.<\/p>\n<p style=\"text-align: justify;\">Em 2017, o m\u00e9dico foi internado em decorr\u00eancia de complica\u00e7\u00f5es de um infarto e foi submetido a um cateterismo card\u00edaco e angioplastia coron\u00e1ria.<\/p>\n<p style=\"text-align: justify;\">Dr. Omena tamb\u00e9m atuou no Hospital S\u00e3o Sebasti\u00e3o e Casa de Sa\u00fade Bom Jesus. A fam\u00edlia ainda n\u00e3o decidiu sobre vel\u00f3rio e sepultamento.<\/p>\n<p style=\"text-align: justify;\">NOTA DE PESAR<\/p>\n<p style=\"text-align: justify;\">Com muita tristeza, recebi a not\u00edcia do falecimento do querido amigo, Dr. Omena. Aos 87 anos, ele parte e deixa uma hist\u00f3ria linda de quem ajudou o pr\u00f3ximo, atuando com responsabilidade e com o compromisso que a sua profiss\u00e3o exige. Ginecologista, foi respons\u00e1vel pelo nascimento de muitos caruaruenses. Foi um dos fundadores do Hospital Santa Efig\u00eania, centro m\u00e9dico de fundamental import\u00e2ncia para a nossa cidade e todo o Agreste. \u00c0 dona Ivanise, aos filhos L\u00facio, Isabela e Luciana, e netos, o meu fraterno abra\u00e7o.<\/p>\n<p style=\"text-align: justify;\">Raquel Lyra,<br \/>\nPrefeita de Caruaru<\/p>\n","protected":false},"excerpt":{"rendered":"<p>Morreu na madrugada desta sexta-feira (08), em Caruaru, o m\u00e9dico Severino Omena, aos 85 anos. Dr. Omena, como era conhecido,&hellip;<\/p>\n","protected":false},"author":1,"featured_media":75746,"comment_status":"open","ping_status":"open","sticky":false,"template":"","format":"standard","meta":{"footnotes":""},"categories":[14120],"tags":[2,19532,3406,23038,2252],"class_list":["post-75745","post","type-post","status-publish","format-standard","has-post-thumbnail","hentry","category-noticias","tag-blog-do-edvaldo-magalhaes","tag-blog-mais-acessado-e-visualizado-de-caruaru-e-regiao","tag-caruaru","tag-morre-em-caruaru-o-medico-severino-omena-aos-85-anos","tag-noticia"],"_links":{"self":[{"href":"https:\/\/blogdoedvaldomagalhaes.com.br\/index.php\/wp-json\/wp\/v2\/posts\/75745","targetHints":{"allow":["GET"]}}],"collection":[{"href":"https:\/\/blogdoedvaldomagalhaes.com.br\/index.php\/wp-json\/wp\/v2\/posts"}],"about":[{"href":"https:\/\/blogdoedvaldomagalhaes.com.br\/index.php\/wp-json\/wp\/v2\/types\/post"}],"author":[{"embeddable":true,"href":"https:\/\/blogdoedvaldomagalhaes.com.br\/index.php\/wp-json\/wp\/v2\/users\/1"}],"replies":[{"embeddable":true,"href":"https:\/\/blogdoedvaldomagalhaes.com.br\/index.php\/wp-json\/wp\/v2\/comments?post=75745"}],"version-history":[{"count":2,"href":"https:\/\/blogdoedvaldomagalhaes.com.br\/index.php\/wp-json\/wp\/v2\/posts\/75745\/revisions"}],"predecessor-version":[{"id":75771,"href":"https:\/\/blogdoedvaldomagalhaes.com.br\/index.php\/wp-json\/wp\/v2\/posts\/75745\/revisions\/75771"}],"wp:featuredmedia":[{"embeddable":true,"href":"https:\/\/blogdoedvaldomagalhaes.com.br\/index.php\/wp-json\/wp\/v2\/media\/75746"}],"wp:attachment":[{"href":"https:\/\/blogdoedvaldomagalhaes.com.br\/index.php\/wp-json\/wp\/v2\/media?parent=75745"}],"wp:term":[{"taxonomy":"category","embeddable":true,"href":"https:\/\/blogdoedvaldomagalhaes.com.br\/index.php\/wp-json\/wp\/v2\/categories?post=75745"},{"taxonomy":"post_tag","embeddable":true,"href":"https:\/\/blogdoedvaldomagalhaes.com.br\/index.php\/wp-json\/wp\/v2\/tags?post=75745"}],"curies":[{"name":"wp","href":"https:\/\/api.w.org\/{rel}","templated":true}]}}