{"id":75742,"date":"2021-10-08T07:11:43","date_gmt":"2021-10-08T10:11:43","guid":{"rendered":"https:\/\/blogdoedvaldomagalhaes.com.br\/?p=75742"},"modified":"2021-10-08T07:11:44","modified_gmt":"2021-10-08T10:11:44","slug":"vigilancia-sanitaria-apreende-200-quilos-de-carne-com-larvas-em-gravata","status":"publish","type":"post","link":"https:\/\/blogdoedvaldomagalhaes.com.br\/index.php\/2021\/10\/08\/vigilancia-sanitaria-apreende-200-quilos-de-carne-com-larvas-em-gravata\/","title":{"rendered":"Vigil\u00e2ncia Sanit\u00e1ria apreende 200 quilos de carne com larvas em Gravat\u00e1"},"content":{"rendered":"<p style=\"text-align: justify;\">A Vigil\u00e2ncia Sanit\u00e1ria de Gravat\u00e1, Agreste de Pernambuco, apreendeu nesta quinta-feira (07) 200 quilos de carne estragada e com larvas. O produto estava sendo vendido no Mercado P\u00fablico.<\/p>\n<p style=\"text-align: justify;\">De acordo com o coordenador da Vigil\u00e2ncia Sanit\u00e1ria, Cleiton Cunha, o material apreendido foi encontrado com um comerciante, ap\u00f3s den\u00fancia. O box foi interditado.<\/p>\n<p style=\"text-align: justify;\">Um processo administrativo ser\u00e1 aberto contra o comerciante. O material apreendido foi levado para o Aterro Sanit\u00e1rio.<\/p>\n<p style=\"text-align: justify;\">Foto: Reprodu\u00e7\u00e3o\/Pernambuco Not\u00edcias.<\/p>\n","protected":false},"excerpt":{"rendered":"<p>A Vigil\u00e2ncia Sanit\u00e1ria de Gravat\u00e1, Agreste de Pernambuco, apreendeu nesta quinta-feira (07) 200 quilos de carne estragada e com larvas.&hellip;<\/p>\n","protected":false},"author":1,"featured_media":75743,"comment_status":"open","ping_status":"open","sticky":false,"template":"","format":"standard","meta":{"footnotes":""},"categories":[14120],"tags":[2,19532,3406,6,23036],"class_list":["post-75742","post","type-post","status-publish","format-standard","has-post-thumbnail","hentry","category-noticias","tag-blog-do-edvaldo-magalhaes","tag-blog-mais-acessado-e-visualizado-de-caruaru-e-regiao","tag-caruaru","tag-noticias","tag-vigilancia-sanitaria-apreende-200-quilos-de-carne-com-larvas-em-gravata"],"_links":{"self":[{"href":"https:\/\/blogdoedvaldomagalhaes.com.br\/index.php\/wp-json\/wp\/v2\/posts\/75742","targetHints":{"allow":["GET"]}}],"collection":[{"href":"https:\/\/blogdoedvaldomagalhaes.com.br\/index.php\/wp-json\/wp\/v2\/posts"}],"about":[{"href":"https:\/\/blogdoedvaldomagalhaes.com.br\/index.php\/wp-json\/wp\/v2\/types\/post"}],"author":[{"embeddable":true,"href":"https:\/\/blogdoedvaldomagalhaes.com.br\/index.php\/wp-json\/wp\/v2\/users\/1"}],"replies":[{"embeddable":true,"href":"https:\/\/blogdoedvaldomagalhaes.com.br\/index.php\/wp-json\/wp\/v2\/comments?post=75742"}],"version-history":[{"count":1,"href":"https:\/\/blogdoedvaldomagalhaes.com.br\/index.php\/wp-json\/wp\/v2\/posts\/75742\/revisions"}],"predecessor-version":[{"id":75744,"href":"https:\/\/blogdoedvaldomagalhaes.com.br\/index.php\/wp-json\/wp\/v2\/posts\/75742\/revisions\/75744"}],"wp:featuredmedia":[{"embeddable":true,"href":"https:\/\/blogdoedvaldomagalhaes.com.br\/index.php\/wp-json\/wp\/v2\/media\/75743"}],"wp:attachment":[{"href":"https:\/\/blogdoedvaldomagalhaes.com.br\/index.php\/wp-json\/wp\/v2\/media?parent=75742"}],"wp:term":[{"taxonomy":"category","embeddable":true,"href":"https:\/\/blogdoedvaldomagalhaes.com.br\/index.php\/wp-json\/wp\/v2\/categories?post=75742"},{"taxonomy":"post_tag","embeddable":true,"href":"https:\/\/blogdoedvaldomagalhaes.com.br\/index.php\/wp-json\/wp\/v2\/tags?post=75742"}],"curies":[{"name":"wp","href":"https:\/\/api.w.org\/{rel}","templated":true}]}}