{"id":75682,"date":"2021-10-06T20:15:55","date_gmt":"2021-10-06T23:15:55","guid":{"rendered":"https:\/\/blogdoedvaldomagalhaes.com.br\/?p=75682"},"modified":"2021-10-06T20:15:56","modified_gmt":"2021-10-06T23:15:56","slug":"grupo-de-torcedores-apresenta-proposta-de-reforma-do-centro-de-treinamento-do-central","status":"publish","type":"post","link":"https:\/\/blogdoedvaldomagalhaes.com.br\/index.php\/2021\/10\/06\/grupo-de-torcedores-apresenta-proposta-de-reforma-do-centro-de-treinamento-do-central\/","title":{"rendered":"Grupo de torcedores apresenta proposta de reforma do Centro de Treinamento do Central"},"content":{"rendered":"<p style=\"text-align: justify;\">Um grupo de torcedores se reuniu, nesta ter\u00e7a-feira (05), com o presidente do Central, Cl\u00eanio Lima. O objetivo foi apresentar projeto de revitaliza\u00e7\u00e3o e constru\u00e7\u00e3o do Centro de Treinamento da Patativa.\u00a0A primeira etapa do projeto est\u00e1 or\u00e7ada 59 mil reais.<\/p>\n<p style=\"text-align: justify;\">Para Fabiano Barros e Clebio Alexandre, o grupo n\u00e3o est\u00e1 preocupado apenas na reforma da \u00e1rea e sim colocar o Centro em plena atividade, acabando de uma vez por todas as tentativas de tirar o patrim\u00f4nio da Patativa, por parte do munic\u00edpio de\u00a0<a href=\"https:\/\/liberdade.com.br\/\">Caruaru<\/a>.<\/p>\n<p style=\"text-align: justify;\">Segundo os representantes do Grupo Central Acima de Tudo, para cumprir os custos do projeto, est\u00e3o se mobilizando para arrecadar por meio de doa\u00e7\u00f5es e campanhas, que ser\u00e3o divulgadas posteriormente.<\/p>\n<p style=\"text-align: justify;\">O presidente Clenio Lima ficou entusiasmado com a proposta e acatou de imediato a parceria e a execu\u00e7\u00e3o do projeto. Ao mesmo tempo se colocou a disposi\u00e7\u00e3o para participar e ajudar. \u201cPara mim \u00e9 motivo de muito orgulho, saber que temos torcedores comprometidos e preocupados com o futuro do Central \u201c, afirmou.<\/p>\n","protected":false},"excerpt":{"rendered":"<p>Um grupo de torcedores se reuniu, nesta ter\u00e7a-feira (05), com o presidente do Central, Cl\u00eanio Lima. O objetivo foi apresentar&hellip;<\/p>\n","protected":false},"author":1,"featured_media":75683,"comment_status":"open","ping_status":"open","sticky":false,"template":"","format":"standard","meta":{"footnotes":""},"categories":[14124,14123],"tags":[2,19532,3406,3,23024,6],"class_list":["post-75682","post","type-post","status-publish","format-standard","has-post-thumbnail","hentry","category-centralsc","category-futebol","tag-blog-do-edvaldo-magalhaes","tag-blog-mais-acessado-e-visualizado-de-caruaru-e-regiao","tag-caruaru","tag-futebol","tag-grupo-de-torcedores-apresenta-proposta-de-reforma-do-centro-de-treinamento-do-central","tag-noticias"],"_links":{"self":[{"href":"https:\/\/blogdoedvaldomagalhaes.com.br\/index.php\/wp-json\/wp\/v2\/posts\/75682","targetHints":{"allow":["GET"]}}],"collection":[{"href":"https:\/\/blogdoedvaldomagalhaes.com.br\/index.php\/wp-json\/wp\/v2\/posts"}],"about":[{"href":"https:\/\/blogdoedvaldomagalhaes.com.br\/index.php\/wp-json\/wp\/v2\/types\/post"}],"author":[{"embeddable":true,"href":"https:\/\/blogdoedvaldomagalhaes.com.br\/index.php\/wp-json\/wp\/v2\/users\/1"}],"replies":[{"embeddable":true,"href":"https:\/\/blogdoedvaldomagalhaes.com.br\/index.php\/wp-json\/wp\/v2\/comments?post=75682"}],"version-history":[{"count":1,"href":"https:\/\/blogdoedvaldomagalhaes.com.br\/index.php\/wp-json\/wp\/v2\/posts\/75682\/revisions"}],"predecessor-version":[{"id":75684,"href":"https:\/\/blogdoedvaldomagalhaes.com.br\/index.php\/wp-json\/wp\/v2\/posts\/75682\/revisions\/75684"}],"wp:featuredmedia":[{"embeddable":true,"href":"https:\/\/blogdoedvaldomagalhaes.com.br\/index.php\/wp-json\/wp\/v2\/media\/75683"}],"wp:attachment":[{"href":"https:\/\/blogdoedvaldomagalhaes.com.br\/index.php\/wp-json\/wp\/v2\/media?parent=75682"}],"wp:term":[{"taxonomy":"category","embeddable":true,"href":"https:\/\/blogdoedvaldomagalhaes.com.br\/index.php\/wp-json\/wp\/v2\/categories?post=75682"},{"taxonomy":"post_tag","embeddable":true,"href":"https:\/\/blogdoedvaldomagalhaes.com.br\/index.php\/wp-json\/wp\/v2\/tags?post=75682"}],"curies":[{"name":"wp","href":"https:\/\/api.w.org\/{rel}","templated":true}]}}