{"id":7566,"date":"2016-11-27T22:13:00","date_gmt":"2016-11-28T00:13:00","guid":{"rendered":"http:\/\/blogdoedvaldomagalhaes.com.br\/index.php\/2016\/11\/27\/mulher-morre-em-colisao-na-br-104-e\/"},"modified":"2019-02-09T01:07:48","modified_gmt":"2019-02-09T03:07:48","slug":"mulher-morre-em-colisao-na-br-104-e","status":"publish","type":"post","link":"https:\/\/blogdoedvaldomagalhaes.com.br\/index.php\/2016\/11\/27\/mulher-morre-em-colisao-na-br-104-e\/","title":{"rendered":"Mulher morre em colis\u00e3o na BR-104 em Caruaru"},"content":{"rendered":"<div class=\"separator\" style=\"clear: both; text-align: center;\">\n<a href=\"https:\/\/2.bp.blogspot.com\/-5tPkAaPKdq8\/WDtZ_7SZLxI\/AAAAAAAAKi4\/YXU7-5BLMkIKRSHhMZciVUqqqjHgiEOUgCLcB\/s1600\/costureia.JPG\" imageanchor=\"1\" style=\"margin-left: 1em; margin-right: 1em;\"><img loading=\"lazy\" decoding=\"async\" border=\"0\" height=\"400\" src=\"http:\/\/blogdoedvaldomagalhaes.com.br\/wp-content\/uploads\/2016\/11\/costureia.jpg\" width=\"365\" \/><\/a><\/div>\n<div class=\"separator\" style=\"clear: both; text-align: center;\">\nFoto e informa\u00e7\u00f5es: Adielson Galv\u00e3o<\/div>\n<div style=\"background-color: white; text-align: justify;\">\n<\/div>\n<div style=\"background-color: white; text-align: justify;\">\nNa noite desse s\u00e1bado (26) faleceu v\u00edtima de acidente automobil\u00edstico na BR 104 entre o Palladium e o Hospital Mestre Vitalino, a costureira,<b>&nbsp;Cl\u00e1udia Maria de Jesus da Silva<\/b>, de 41 anos, que morava na Rua Godofredo de Medeiros, no bairro Salgado. Ela guiava a sua motocicleta, uma Honda Bis prata, placa PER-8991.<\/div>\n<div style=\"background-color: white; text-align: justify;\">\n<\/div>\n<div style=\"background-color: white; text-align: justify;\">\nDe acordo com a Pol\u00edcia Rodovi\u00e1ria Federal a v\u00edtima guiava a sua motocicleta, uma Honda Bis prata, placa PER-8991, pela PE-95&nbsp;e pegou a BR 104 para ir para a cidade mas foi colhida por um ve\u00edculo que trafegava pela BR sentido Toritama e como n\u00e3o existem c\u00e2meras no local n\u00e3o d\u00e1 para saber qual foi o carro que a matou.&nbsp;O corpo da v\u00edtima foi encaminhado para o IML do Recife.<\/div>\n","protected":false},"excerpt":{"rendered":"<p>Foto e informa\u00e7\u00f5es: Adielson Galv\u00e3o Na noite desse s\u00e1bado (26) faleceu v\u00edtima de acidente automobil\u00edstico na BR 104 entre o&hellip;<\/p>\n","protected":false},"author":1,"featured_media":0,"comment_status":"open","ping_status":"open","sticky":false,"template":"","format":"standard","meta":{"footnotes":""},"categories":[1],"tags":[2,10252,3450,10808,6,4436,287],"class_list":["post-7566","post","type-post","status-publish","format-standard","hentry","category-sem-categoria","tag-blog-do-edvaldo-magalhaes","tag-honda-biz","tag-hospital-mestre-vitalino","tag-mulher-morre-em-colisao-na-br-104-em-caruaru","tag-noticias","tag-palladium","tag-prf"],"_links":{"self":[{"href":"https:\/\/blogdoedvaldomagalhaes.com.br\/index.php\/wp-json\/wp\/v2\/posts\/7566","targetHints":{"allow":["GET"]}}],"collection":[{"href":"https:\/\/blogdoedvaldomagalhaes.com.br\/index.php\/wp-json\/wp\/v2\/posts"}],"about":[{"href":"https:\/\/blogdoedvaldomagalhaes.com.br\/index.php\/wp-json\/wp\/v2\/types\/post"}],"author":[{"embeddable":true,"href":"https:\/\/blogdoedvaldomagalhaes.com.br\/index.php\/wp-json\/wp\/v2\/users\/1"}],"replies":[{"embeddable":true,"href":"https:\/\/blogdoedvaldomagalhaes.com.br\/index.php\/wp-json\/wp\/v2\/comments?post=7566"}],"version-history":[{"count":1,"href":"https:\/\/blogdoedvaldomagalhaes.com.br\/index.php\/wp-json\/wp\/v2\/posts\/7566\/revisions"}],"predecessor-version":[{"id":14471,"href":"https:\/\/blogdoedvaldomagalhaes.com.br\/index.php\/wp-json\/wp\/v2\/posts\/7566\/revisions\/14471"}],"wp:attachment":[{"href":"https:\/\/blogdoedvaldomagalhaes.com.br\/index.php\/wp-json\/wp\/v2\/media?parent=7566"}],"wp:term":[{"taxonomy":"category","embeddable":true,"href":"https:\/\/blogdoedvaldomagalhaes.com.br\/index.php\/wp-json\/wp\/v2\/categories?post=7566"},{"taxonomy":"post_tag","embeddable":true,"href":"https:\/\/blogdoedvaldomagalhaes.com.br\/index.php\/wp-json\/wp\/v2\/tags?post=7566"}],"curies":[{"name":"wp","href":"https:\/\/api.w.org\/{rel}","templated":true}]}}