{"id":7561,"date":"2016-11-28T00:28:00","date_gmt":"2016-11-28T02:28:00","guid":{"rendered":"http:\/\/blogdoedvaldomagalhaes.com.br\/index.php\/2016\/11\/28\/santa-cruz-goleia-reserva-do-gremio-na\/"},"modified":"2019-02-09T01:07:49","modified_gmt":"2019-02-09T03:07:49","slug":"santa-cruz-goleia-reserva-do-gremio-na","status":"publish","type":"post","link":"https:\/\/blogdoedvaldomagalhaes.com.br\/index.php\/2016\/11\/28\/santa-cruz-goleia-reserva-do-gremio-na\/","title":{"rendered":"Santa Cruz goleia reserva do Gr\u00eamio na despedida do Arruda na S\u00e9rie A"},"content":{"rendered":"<div style=\"text-align: justify;\">\n<div class=\"separator\" style=\"clear: both; text-align: center;\">\n<a href=\"https:\/\/3.bp.blogspot.com\/-3qXGnl_go9E\/WDt6jHCWHyI\/AAAAAAAAKj8\/f7P7dLcWHlcG-5Zzu8mUgZkGFyYEZgVmwCLcB\/s1600\/genival.jpg\" imageanchor=\"1\" style=\"margin-left: 1em; margin-right: 1em;\"><img loading=\"lazy\" decoding=\"async\" border=\"0\" height=\"267\" src=\"http:\/\/blogdoedvaldomagalhaes.com.br\/wp-content\/uploads\/2016\/11\/genival.jpg\" width=\"400\" \/><\/a><\/div>\n<div class=\"separator\" style=\"clear: both; text-align: center;\">\nFoto: Genival Ferandes<\/div>\n<div style=\"margin: 0cm 0cm 0.0001pt;\">\nO Santa<br \/>\nCruz goleou o time reserva do Gr\u00eamio por 5 a 1, neste domingo (27), na<br \/>\ndespedida do Arruda da S\u00e9rie A do Campeonato Brasileiro. O Santa apresentou um<br \/>\nfutebol consistente, principalmente na segunda etapa.&nbsp;Com o resultado, o<br \/>\ntricolor pernambucano j\u00e1 rebaixado para a S\u00e9rie B, chegou a 31 pontos e seguem<br \/>\nna vice-lanterna do torneio. J\u00e1 o Gr\u00eamio estacionou na oitava coloca\u00e7\u00e3o, com 53<br \/>\npontos, e ficou muito distante de chegar ao G-6. O Santa Cruz faz o \u00faltimo jogo<br \/>\ndo ano no pr\u00f3ximo domingo contra o S\u00e3o Paulo fora de casa, enquanto o Gr\u00eamio<br \/>\njoga&nbsp;diante do Botafogo, em Porto Alegre.<\/div>\n<div style=\"margin: 0cm 0cm 0.0001pt;\">\n<strong style=\"box-sizing: border-box; outline: none;\">FICHA T\u00c9CNICA:<\/strong><\/div>\n<div style=\"margin: 0cm 0cm 0.0001pt;\">\n<b><br \/>\n<strong style=\"box-sizing: border-box; outline: none;\">\u00c1rbitro<\/strong><\/b><b style=\"font-family: arial, helvetica, sans-serif;\">:<\/b>&nbsp;Ricardo Marques Ribeiro (MG).&nbsp;<strong style=\"box-sizing: border-box; outline: none;\">Assistentes:<\/strong><b>&nbsp;<\/b>Pablo<br \/>\nAlmeida da Costa (MG) e Celso Luiz da Silva (MG)<\/div>\n<div style=\"margin: 0cm 0cm 0.0001pt;\">\n<strong style=\"box-sizing: border-box; outline: none;\">P\u00fablico<\/strong><b>:<\/b>&nbsp;2.227.<b>&nbsp;<strong style=\"box-sizing: border-box; outline: none;\">Renda<\/strong><\/b><b>:<\/b>&nbsp;R$ 13.795,00<\/div>\n<div style=\"margin: 0cm 0cm 0.0001pt; text-align: start;\">\n<strong style=\"box-sizing: border-box; outline: none;\">Cart\u00f5es amarelos:<\/strong><b>&nbsp;<\/b>L\u00e9o Moura, Derley, Keno (Santa); Kaio, Guilherme Amorim, Bola\u00f1os e<br \/>\nWallace (Gr\u00eamio)<\/div>\n<div style=\"line-height: 12pt; margin: 0cm 0cm 0.0001pt;\">\n<strong style=\"box-sizing: border-box; outline: none;\">GOLS:<\/strong><b><\/b><\/div>\n<div style=\"margin: 0cm 0cm 0.0001pt;\">\n<b>Santa Cruz:&nbsp;<\/b>Grafite, aos quatro e aos 42,, L\u00e9o Moura, aos<br \/>\n15, Roberto, aos 40 e Arthur, aos 44 minutos do segundo tempo.&nbsp;<b>Gr\u00eamio:&nbsp;<\/b>Bola\u00f1os, aos sete minutos do<br \/>\nsegundo tempo<\/div>\n<div style=\"background: white; line-height: 18pt; margin: 0cm 0cm 0.0001pt; text-align: start;\">\n<strong style=\"box-sizing: border-box; outline: none;\">SANTA CRUZ<\/strong>: Tiago Cardoso; V\u00edtor, Neris, Luan Peres e Roberto; Derley, Jo\u00e3o<br \/>\nPaulo e L\u00e9o Moura; Arthur, Grafite e Keno (Pisano).&nbsp;<strong style=\"box-sizing: border-box; outline: none;\">T\u00e9cnico:<\/strong>&nbsp;Adriano<br \/>\nTeixeira<\/div>\n<p><\/p>\n<div style=\"background: white; line-height: 18pt; margin: 0cm 0cm 0.0001pt;\">\n<strong style=\"box-sizing: border-box; outline: none;\">GR\u00caMIO:<\/strong>&nbsp;L\u00e9o; Wallace Oliveira, Rafael Thyere, Wallace Reis e Iago;<br \/>\nGuilherme Amorim (Mois\u00e9s), Kaio e Negueba (Sandows); Miller Pedro Rocha;<br \/>\nHenrique Almeida.&nbsp;<strong style=\"box-sizing: border-box; outline: none;\">T\u00e9cnico<\/strong>:<br \/>\nJames Freitas<\/div>\n<\/div>\n","protected":false},"excerpt":{"rendered":"<p>Foto: Genival Ferandes O Santa Cruz goleou o time reserva do Gr\u00eamio por 5 a 1, neste domingo (27), na&hellip;<\/p>\n","protected":false},"author":1,"featured_media":0,"comment_status":"open","ping_status":"open","sticky":false,"template":"","format":"standard","meta":{"footnotes":""},"categories":[1],"tags":[10444,2,10446,3,6285,10802,10447,10803],"class_list":["post-7561","post","type-post","status-publish","format-standard","hentry","category-sem-categoria","tag-adriano-teixeira","tag-blog-do-edvaldo-magalhaes","tag-derley","tag-futebol","tag-grafite","tag-james-freitas","tag-leo-moura","tag-santa-cruz-goleia-reserva-do-gremio-na-despedida-do-arruda-na-serie-a"],"_links":{"self":[{"href":"https:\/\/blogdoedvaldomagalhaes.com.br\/index.php\/wp-json\/wp\/v2\/posts\/7561","targetHints":{"allow":["GET"]}}],"collection":[{"href":"https:\/\/blogdoedvaldomagalhaes.com.br\/index.php\/wp-json\/wp\/v2\/posts"}],"about":[{"href":"https:\/\/blogdoedvaldomagalhaes.com.br\/index.php\/wp-json\/wp\/v2\/types\/post"}],"author":[{"embeddable":true,"href":"https:\/\/blogdoedvaldomagalhaes.com.br\/index.php\/wp-json\/wp\/v2\/users\/1"}],"replies":[{"embeddable":true,"href":"https:\/\/blogdoedvaldomagalhaes.com.br\/index.php\/wp-json\/wp\/v2\/comments?post=7561"}],"version-history":[{"count":1,"href":"https:\/\/blogdoedvaldomagalhaes.com.br\/index.php\/wp-json\/wp\/v2\/posts\/7561\/revisions"}],"predecessor-version":[{"id":14481,"href":"https:\/\/blogdoedvaldomagalhaes.com.br\/index.php\/wp-json\/wp\/v2\/posts\/7561\/revisions\/14481"}],"wp:attachment":[{"href":"https:\/\/blogdoedvaldomagalhaes.com.br\/index.php\/wp-json\/wp\/v2\/media?parent=7561"}],"wp:term":[{"taxonomy":"category","embeddable":true,"href":"https:\/\/blogdoedvaldomagalhaes.com.br\/index.php\/wp-json\/wp\/v2\/categories?post=7561"},{"taxonomy":"post_tag","embeddable":true,"href":"https:\/\/blogdoedvaldomagalhaes.com.br\/index.php\/wp-json\/wp\/v2\/tags?post=7561"}],"curies":[{"name":"wp","href":"https:\/\/api.w.org\/{rel}","templated":true}]}}