{"id":7560,"date":"2016-11-28T00:41:00","date_gmt":"2016-11-28T02:41:00","guid":{"rendered":"http:\/\/blogdoedvaldomagalhaes.com.br\/index.php\/2016\/11\/28\/cantor-morre-vitima-de-cancer\/"},"modified":"2019-02-09T01:07:49","modified_gmt":"2019-02-09T03:07:49","slug":"cantor-morre-vitima-de-cancer","status":"publish","type":"post","link":"https:\/\/blogdoedvaldomagalhaes.com.br\/index.php\/2016\/11\/28\/cantor-morre-vitima-de-cancer\/","title":{"rendered":"Cantor morre v\u00edtima de c\u00e2ncer"},"content":{"rendered":"<div class=\"separator\" style=\"clear: both; text-align: center;\">\n<a href=\"https:\/\/1.bp.blogspot.com\/-FBYD4sMzEC8\/WDt9INt-e2I\/AAAAAAAAKkI\/AT2RUqUN7r8cfsdqHMejGlc-SILOElx7wCLcB\/s1600\/cantror.jpg\" imageanchor=\"1\" style=\"margin-left: 1em; margin-right: 1em;\"><img loading=\"lazy\" decoding=\"async\" border=\"0\" height=\"243\" src=\"http:\/\/blogdoedvaldomagalhaes.com.br\/wp-content\/uploads\/2016\/11\/cantror.jpg\" width=\"400\" \/><\/a><\/div>\n<div style=\"color: #333333; font-family: &quot;Open Sans&quot;, sans-serif; font-size: 15px; list-style: none; text-align: justify;\">\n<\/div>\n<div style=\"list-style: none; text-align: justify;\">\nMorreu neste s\u00e1bado (26), no Rio de janeiro, aos 76 anos, o cantor Roberto Correa, um dos Golden Boys. O m\u00fasico estava com c\u00e2ncer e morreu em casa. Ele ficou internado por alguns meses.<\/div>\n<div style=\"list-style: none; text-align: justify;\">\n&nbsp;<\/div>\n<div style=\"list-style: none; text-align: justify;\">\nOs Golden Boys s\u00e3o conhecidos por sucessos como &#8220;Cabe\u00e7\u00e3o&#8221;, &#8220;Algu\u00e9m na multid\u00e3o&#8221; e vers\u00f5es de m\u00fasicas dos Beatles, como &#8220;Michelle&#8221; e &#8220;Yesterday&#8221;.<\/div>\n<div style=\"list-style: none; text-align: justify;\">\n&nbsp;<\/div>\n<div style=\"list-style: none; text-align: justify;\">\n<div style=\"list-style: none;\">\nO m\u00fasico, que deixou esposa, tr\u00eas filhos e seis netos, foi sepultado neste domingo.<\/div>\n<\/div>\n","protected":false},"excerpt":{"rendered":"<p>Morreu neste s\u00e1bado (26), no Rio de janeiro, aos 76 anos, o cantor Roberto Correa, um dos Golden Boys. O&hellip;<\/p>\n","protected":false},"author":1,"featured_media":0,"comment_status":"open","ping_status":"open","sticky":false,"template":"","format":"standard","meta":{"footnotes":""},"categories":[1],"tags":[10798,2,10799,10800,6,6117,10801],"class_list":["post-7560","post","type-post","status-publish","format-standard","hentry","category-sem-categoria","tag-beatles","tag-blog-do-edvaldo-magalhaes","tag-cantor-morre-vitima-de-cancer","tag-golden-boys","tag-noticias","tag-rio-de-janeiro","tag-roberto-correa"],"_links":{"self":[{"href":"https:\/\/blogdoedvaldomagalhaes.com.br\/index.php\/wp-json\/wp\/v2\/posts\/7560","targetHints":{"allow":["GET"]}}],"collection":[{"href":"https:\/\/blogdoedvaldomagalhaes.com.br\/index.php\/wp-json\/wp\/v2\/posts"}],"about":[{"href":"https:\/\/blogdoedvaldomagalhaes.com.br\/index.php\/wp-json\/wp\/v2\/types\/post"}],"author":[{"embeddable":true,"href":"https:\/\/blogdoedvaldomagalhaes.com.br\/index.php\/wp-json\/wp\/v2\/users\/1"}],"replies":[{"embeddable":true,"href":"https:\/\/blogdoedvaldomagalhaes.com.br\/index.php\/wp-json\/wp\/v2\/comments?post=7560"}],"version-history":[{"count":1,"href":"https:\/\/blogdoedvaldomagalhaes.com.br\/index.php\/wp-json\/wp\/v2\/posts\/7560\/revisions"}],"predecessor-version":[{"id":14483,"href":"https:\/\/blogdoedvaldomagalhaes.com.br\/index.php\/wp-json\/wp\/v2\/posts\/7560\/revisions\/14483"}],"wp:attachment":[{"href":"https:\/\/blogdoedvaldomagalhaes.com.br\/index.php\/wp-json\/wp\/v2\/media?parent=7560"}],"wp:term":[{"taxonomy":"category","embeddable":true,"href":"https:\/\/blogdoedvaldomagalhaes.com.br\/index.php\/wp-json\/wp\/v2\/categories?post=7560"},{"taxonomy":"post_tag","embeddable":true,"href":"https:\/\/blogdoedvaldomagalhaes.com.br\/index.php\/wp-json\/wp\/v2\/tags?post=7560"}],"curies":[{"name":"wp","href":"https:\/\/api.w.org\/{rel}","templated":true}]}}