{"id":75591,"date":"2021-10-04T23:22:57","date_gmt":"2021-10-05T02:22:57","guid":{"rendered":"https:\/\/blogdoedvaldomagalhaes.com.br\/?p=75591"},"modified":"2021-10-04T23:35:23","modified_gmt":"2021-10-05T02:35:23","slug":"vereador-jorge-quintino-leva-caruaruenses-ate-sede-da-fundaj-em-busca-de-recursos-para-reformar-acaccil","status":"publish","type":"post","link":"https:\/\/blogdoedvaldomagalhaes.com.br\/index.php\/2021\/10\/04\/vereador-jorge-quintino-leva-caruaruenses-ate-sede-da-fundaj-em-busca-de-recursos-para-reformar-acaccil\/","title":{"rendered":"Vereador Jorge Quintino leva caruaruenses at\u00e9 sede da Fundaj em busca de recursos para reformar Acaccil"},"content":{"rendered":"<p style=\"text-align: justify;\"><span style=\"font-size: inherit;\">O presidente da Funda\u00e7\u00e3o Joaquim Nabuco, Ant\u00f4nio Campos, esteve recebendo na tarde desta segunda-feira (04) em Recife, caruaruenses em busca de conv\u00eanio para reforma da Acaccil.<\/span><\/p>\n<p style=\"text-align: justify;\">O encontro foi mediado pelo vereador Jorge Quintino (PTB) e contou com a presen\u00e7a do presidente\u00a0do Conselho Municipal de Pol\u00edtica Cultural, Jos\u00e9 Urbano e o presidente da Academia Caruaruense de Cultura Ci\u00eancias e Letras, Jos\u00e9 Severino, e trataram sobre a reativa\u00e7\u00e3o de conv\u00eanio entre ambas entidades, objetivando melhorias estruturais na sede da Acaccil que completar\u00e1 40 anos de atividades.<\/p>\n<p style=\"text-align: justify;\">Esse ano, houve recebimento de um recurso da Lei Aldir Blanc, que possibilitou melhorias na fachada do pr\u00e9dio.<\/p>\n<p style=\"text-align: justify;\">Para o professor Urbano, o conv\u00eanio \u00e9 extremamente necess\u00e1rio.\u00a0 &#8220;Com mais de cem anos de sua constru\u00e7\u00e3o e possuindo a \u00faltima senzala que restou na cidade, \u00e9 fundamental a reativa\u00e7\u00e3o de um conv\u00eanio para melhorias estruturais\u201d, pontuou.<\/p>\n<p style=\"text-align: justify;\">O vereador Jorge Quintino disse ter uma grande admira\u00e7\u00e3o pela Academia. &#8220;Nosso papel foi, al\u00e9m de viabilizar a reuni\u00e3o, firmar nosso compromisso do fazer social, entendendo a import\u00e2ncia acad\u00eamica como espa\u00e7o de preserva\u00e7\u00e3o e difus\u00e3o da cultura de Caruaru\u201d, finalizou Jorge.<\/p>\n<p style=\"text-align: justify;\">O presidente da Fundaj pediu o prazo de 15 dias para dar um parecer.<\/p>\n\n\n<figure class=\"wp-block-image size-large\"><img loading=\"lazy\" decoding=\"async\" width=\"1024\" height=\"768\" src=\"https:\/\/blogdoedvaldomagalhaes.com.br\/wp-content\/uploads\/2021\/10\/IMG-20211004-WA0194-1024x768.jpg\" alt=\"\" class=\"wp-image-75594\" srcset=\"https:\/\/blogdoedvaldomagalhaes.com.br\/wp-content\/uploads\/2021\/10\/IMG-20211004-WA0194-1024x768.jpg 1024w, https:\/\/blogdoedvaldomagalhaes.com.br\/wp-content\/uploads\/2021\/10\/IMG-20211004-WA0194-300x225.jpg 300w, https:\/\/blogdoedvaldomagalhaes.com.br\/wp-content\/uploads\/2021\/10\/IMG-20211004-WA0194-768x576.jpg 768w, https:\/\/blogdoedvaldomagalhaes.com.br\/wp-content\/uploads\/2021\/10\/IMG-20211004-WA0194-160x120.jpg 160w, https:\/\/blogdoedvaldomagalhaes.com.br\/wp-content\/uploads\/2021\/10\/IMG-20211004-WA0194.jpg 1080w\" sizes=\"auto, (max-width: 1024px) 100vw, 1024px\" \/><figcaption>Fotos: Divulga\u00e7\u00e3o<\/figcaption><\/figure>\n","protected":false},"excerpt":{"rendered":"<p>O presidente da Funda\u00e7\u00e3o Joaquim Nabuco, Ant\u00f4nio Campos, esteve recebendo na tarde desta segunda-feira (04) em Recife, caruaruenses em busca&hellip;<\/p>\n","protected":false},"author":1,"featured_media":75592,"comment_status":"open","ping_status":"open","sticky":false,"template":"","format":"standard","meta":{"footnotes":""},"categories":[14122],"tags":[2,19532,3406,6,23001],"class_list":["post-75591","post","type-post","status-publish","format-standard","has-post-thumbnail","hentry","category-politica","tag-blog-do-edvaldo-magalhaes","tag-blog-mais-acessado-e-visualizado-de-caruaru-e-regiao","tag-caruaru","tag-noticias","tag-vereador-jorge-quintino-leva-caruaruenses-ate-sede-da-fundaj-em-busca-de-recursos-para-reformar-acaccil"],"_links":{"self":[{"href":"https:\/\/blogdoedvaldomagalhaes.com.br\/index.php\/wp-json\/wp\/v2\/posts\/75591","targetHints":{"allow":["GET"]}}],"collection":[{"href":"https:\/\/blogdoedvaldomagalhaes.com.br\/index.php\/wp-json\/wp\/v2\/posts"}],"about":[{"href":"https:\/\/blogdoedvaldomagalhaes.com.br\/index.php\/wp-json\/wp\/v2\/types\/post"}],"author":[{"embeddable":true,"href":"https:\/\/blogdoedvaldomagalhaes.com.br\/index.php\/wp-json\/wp\/v2\/users\/1"}],"replies":[{"embeddable":true,"href":"https:\/\/blogdoedvaldomagalhaes.com.br\/index.php\/wp-json\/wp\/v2\/comments?post=75591"}],"version-history":[{"count":3,"href":"https:\/\/blogdoedvaldomagalhaes.com.br\/index.php\/wp-json\/wp\/v2\/posts\/75591\/revisions"}],"predecessor-version":[{"id":75597,"href":"https:\/\/blogdoedvaldomagalhaes.com.br\/index.php\/wp-json\/wp\/v2\/posts\/75591\/revisions\/75597"}],"wp:featuredmedia":[{"embeddable":true,"href":"https:\/\/blogdoedvaldomagalhaes.com.br\/index.php\/wp-json\/wp\/v2\/media\/75592"}],"wp:attachment":[{"href":"https:\/\/blogdoedvaldomagalhaes.com.br\/index.php\/wp-json\/wp\/v2\/media?parent=75591"}],"wp:term":[{"taxonomy":"category","embeddable":true,"href":"https:\/\/blogdoedvaldomagalhaes.com.br\/index.php\/wp-json\/wp\/v2\/categories?post=75591"},{"taxonomy":"post_tag","embeddable":true,"href":"https:\/\/blogdoedvaldomagalhaes.com.br\/index.php\/wp-json\/wp\/v2\/tags?post=75591"}],"curies":[{"name":"wp","href":"https:\/\/api.w.org\/{rel}","templated":true}]}}