{"id":75588,"date":"2021-10-04T22:45:48","date_gmt":"2021-10-05T01:45:48","guid":{"rendered":"https:\/\/blogdoedvaldomagalhaes.com.br\/?p=75588"},"modified":"2021-10-04T22:45:50","modified_gmt":"2021-10-05T01:45:50","slug":"atraves-de-emenda-de-erick-lessa-obras-da-nova-delegacia-da-mulher-em-caruaru-vao-comecar","status":"publish","type":"post","link":"https:\/\/blogdoedvaldomagalhaes.com.br\/index.php\/2021\/10\/04\/atraves-de-emenda-de-erick-lessa-obras-da-nova-delegacia-da-mulher-em-caruaru-vao-comecar\/","title":{"rendered":"Atrav\u00e9s de emenda de Erick Lessa, obras da nova Delegacia da Mulher em Caruaru v\u00e3o come\u00e7ar"},"content":{"rendered":"<p style=\"text-align: justify;\"><span style=\"font-size: inherit;\">As emendas do deputado estadual Erick Lessa ser\u00e3o executadas, e est\u00e3o prestes a come\u00e7ar as obras das novas instala\u00e7\u00f5es da 4\u00aa Delegacia Especializada de Atendimento \u00e0 Mulher em Caruaru (DEAM). A empresa especializada em engenharia para realiza\u00e7\u00e3o dos servi\u00e7os foi contratada. O prazo previsto para execu\u00e7\u00e3o das obras \u00e9 de aproximadamente dez meses, a serem contados a partir do 5\u00ba dia ap\u00f3s a assinatura da Ordem de Servi\u00e7o, a qual dever\u00e1 ocorrer nos pr\u00f3ximos 15 dias.<\/span><\/p>\n<p style=\"text-align: justify;\">A nova delegacia funcionar\u00e1 na Avenida Portugal, n\u00ba 155, Bairro Universit\u00e1rio, em Caruaru. Para restruturar o equipamento, o deputado Erick Lessa destinou um recurso da ordem de R$ 785.600,92, por meio da emenda parlamentar n\u00ba 360\/2020.<\/p>\n<p style=\"text-align: justify;\">O projeto arquitet\u00f4nico indica que a unidade contar\u00e1 com ambientes de trabalho humanizados, a exemplo de brinquedoteca, alojamentos e banheiros com acessibilidade, bem como salas operacionais e de plant\u00e3o, gabinetes e salas de cart\u00f3rio, arquivo e perman\u00eancia, entre outros espa\u00e7os, distribu\u00eddos em uma \u00e1rea constru\u00edda de 313,80m\u00b2.<\/p>\n<p style=\"text-align: justify;\">Segundo o deputado, a instala\u00e7\u00e3o do equipamento ser\u00e1 positivo para a institui\u00e7\u00e3o policial e para toda a popula\u00e7\u00e3o, sobretudo \u00e0s mulheres v\u00edtimas de viol\u00eancia. \u201cA nova unidade ser\u00e1 um local acolhedor para um atendimento individualizado e humanizado, al\u00e9m de proporcionar melhores condi\u00e7\u00f5es de trabalho para os profissionais\u201d, observa.<\/p>\n<p style=\"text-align: justify;\">Foto: Viliane Gomes<\/p>\n","protected":false},"excerpt":{"rendered":"<p>As emendas do deputado estadual Erick Lessa ser\u00e3o executadas, e est\u00e3o prestes a come\u00e7ar as obras das novas instala\u00e7\u00f5es da&hellip;<\/p>\n","protected":false},"author":1,"featured_media":75589,"comment_status":"open","ping_status":"open","sticky":false,"template":"","format":"standard","meta":{"footnotes":""},"categories":[14122],"tags":[23000,2,19532,3406,2252],"class_list":["post-75588","post","type-post","status-publish","format-standard","has-post-thumbnail","hentry","category-politica","tag-atraves-de-emenda-de-erick-lessa-obras-da-nova-delegacia-da-mulher-em-caruaru-vao-comecar","tag-blog-do-edvaldo-magalhaes","tag-blog-mais-acessado-e-visualizado-de-caruaru-e-regiao","tag-caruaru","tag-noticia"],"_links":{"self":[{"href":"https:\/\/blogdoedvaldomagalhaes.com.br\/index.php\/wp-json\/wp\/v2\/posts\/75588","targetHints":{"allow":["GET"]}}],"collection":[{"href":"https:\/\/blogdoedvaldomagalhaes.com.br\/index.php\/wp-json\/wp\/v2\/posts"}],"about":[{"href":"https:\/\/blogdoedvaldomagalhaes.com.br\/index.php\/wp-json\/wp\/v2\/types\/post"}],"author":[{"embeddable":true,"href":"https:\/\/blogdoedvaldomagalhaes.com.br\/index.php\/wp-json\/wp\/v2\/users\/1"}],"replies":[{"embeddable":true,"href":"https:\/\/blogdoedvaldomagalhaes.com.br\/index.php\/wp-json\/wp\/v2\/comments?post=75588"}],"version-history":[{"count":1,"href":"https:\/\/blogdoedvaldomagalhaes.com.br\/index.php\/wp-json\/wp\/v2\/posts\/75588\/revisions"}],"predecessor-version":[{"id":75590,"href":"https:\/\/blogdoedvaldomagalhaes.com.br\/index.php\/wp-json\/wp\/v2\/posts\/75588\/revisions\/75590"}],"wp:featuredmedia":[{"embeddable":true,"href":"https:\/\/blogdoedvaldomagalhaes.com.br\/index.php\/wp-json\/wp\/v2\/media\/75589"}],"wp:attachment":[{"href":"https:\/\/blogdoedvaldomagalhaes.com.br\/index.php\/wp-json\/wp\/v2\/media?parent=75588"}],"wp:term":[{"taxonomy":"category","embeddable":true,"href":"https:\/\/blogdoedvaldomagalhaes.com.br\/index.php\/wp-json\/wp\/v2\/categories?post=75588"},{"taxonomy":"post_tag","embeddable":true,"href":"https:\/\/blogdoedvaldomagalhaes.com.br\/index.php\/wp-json\/wp\/v2\/tags?post=75588"}],"curies":[{"name":"wp","href":"https:\/\/api.w.org\/{rel}","templated":true}]}}