{"id":75584,"date":"2021-10-04T22:25:10","date_gmt":"2021-10-05T01:25:10","guid":{"rendered":"https:\/\/blogdoedvaldomagalhaes.com.br\/?p=75584"},"modified":"2021-10-04T22:25:11","modified_gmt":"2021-10-05T01:25:11","slug":"caruaru-da-inicio-a-vacinacao-de-trabalhadores-da-saude-e-idosos-com-60-anos-ou-mais","status":"publish","type":"post","link":"https:\/\/blogdoedvaldomagalhaes.com.br\/index.php\/2021\/10\/04\/caruaru-da-inicio-a-vacinacao-de-trabalhadores-da-saude-e-idosos-com-60-anos-ou-mais\/","title":{"rendered":"Caruaru d\u00e1 in\u00edcio \u00e0 vacina\u00e7\u00e3o de trabalhadores da sa\u00fade e idosos com 60 anos ou mais"},"content":{"rendered":"<p style=\"text-align: justify;\">Os idosos com 60 anos ou mais e os trabalhadores da sa\u00fade que j\u00e1 realizaram o pr\u00e9-cadastro para o recebimento da dose de refor\u00e7o j\u00e1 podem consultar o seu agendamento.<\/p>\n<p style=\"text-align: justify;\"><span style=\"font-size: inherit;\">Poder\u00e3o se vacinar as pessoas residentes em Caruaru, com 60 anos ou mais, e os trabalhadores da sa\u00fade que atuam no munic\u00edpio, que completaram o esquema vacinal h\u00e1 pelo<\/span><span style=\"font-size: inherit;\">\u00a0menos seis meses.<\/span><\/p>\n<p style=\"text-align: justify;\">Para receber o imunizante, \u00e9 necess\u00e1rio comparecer ao local de vacina\u00e7\u00e3o com documento oficial com foto, c\u00f3pia do CPF ou do Cart\u00e3o do SUS e comprovantes de resid\u00eancia, de vacina\u00e7\u00e3o e de v\u00ednculo ativo, para os trabalhadores de sa\u00fade.<\/p>\n<p style=\"text-align: justify;\">Quem ainda n\u00e3o realizou o pr\u00e9-cadastro para o recebimento da dose de refor\u00e7o poder\u00e1 faz\u00ea-lo acessando o site http:\/\/vacina.caruaru.pe.gov.br ou pelo Disque-Vacina, pelo n\u00famero 0800 281 7080.<\/p>\n<p style=\"text-align: justify;\">\u201cA dose de refor\u00e7o tem como objetivo aumentar a resposta imune do organismo com a aplica\u00e7\u00e3o de uma nova dose, principalmente, na popula\u00e7\u00e3o mais vulner\u00e1vel aos sintomas mais graves da doen\u00e7a e, assim, reduzir o n\u00famero de \u00f3bitos entre pacientes com maior risco de adoecimento\u201d, explicou a secret\u00e1ria executiva de Aten\u00e7\u00e3o B\u00e1sica, Sarah Rafael.<\/p>\n<p style=\"text-align: justify;\">De acordo com a recomenda\u00e7\u00e3o do Minist\u00e9rio da Sa\u00fade, o refor\u00e7o vale para quem tomou qualquer vacina e ser\u00e1 realizado, preferencialmente, com uma dose da Pfizer\/BioNTech. Na falta desse imunizante, a alternativa dever\u00e1 ser feita com as vacinas de vetor viral, Janssen\/Johnson&amp;Johnson ou AstraZeneca\/Oxford.<\/p>\n<p style=\"text-align: justify;\">Foto: Edmilson Tanaka<\/p>\n","protected":false},"excerpt":{"rendered":"<p>Os idosos com 60 anos ou mais e os trabalhadores da sa\u00fade que j\u00e1 realizaram o pr\u00e9-cadastro para o recebimento&hellip;<\/p>\n","protected":false},"author":1,"featured_media":75585,"comment_status":"open","ping_status":"open","sticky":false,"template":"","format":"standard","meta":{"footnotes":""},"categories":[14120],"tags":[2,19532,3406,22999,17559,6,19670],"class_list":["post-75584","post","type-post","status-publish","format-standard","has-post-thumbnail","hentry","category-noticias","tag-blog-do-edvaldo-magalhaes","tag-blog-mais-acessado-e-visualizado-de-caruaru-e-regiao","tag-caruaru","tag-caruaru-da-inicio-a-vacinacao-de-trabalhadores-da-saude-e-idosos-com-60-anos-ou-mais","tag-covid-19","tag-noticias","tag-novo-coronavirus"],"_links":{"self":[{"href":"https:\/\/blogdoedvaldomagalhaes.com.br\/index.php\/wp-json\/wp\/v2\/posts\/75584","targetHints":{"allow":["GET"]}}],"collection":[{"href":"https:\/\/blogdoedvaldomagalhaes.com.br\/index.php\/wp-json\/wp\/v2\/posts"}],"about":[{"href":"https:\/\/blogdoedvaldomagalhaes.com.br\/index.php\/wp-json\/wp\/v2\/types\/post"}],"author":[{"embeddable":true,"href":"https:\/\/blogdoedvaldomagalhaes.com.br\/index.php\/wp-json\/wp\/v2\/users\/1"}],"replies":[{"embeddable":true,"href":"https:\/\/blogdoedvaldomagalhaes.com.br\/index.php\/wp-json\/wp\/v2\/comments?post=75584"}],"version-history":[{"count":1,"href":"https:\/\/blogdoedvaldomagalhaes.com.br\/index.php\/wp-json\/wp\/v2\/posts\/75584\/revisions"}],"predecessor-version":[{"id":75586,"href":"https:\/\/blogdoedvaldomagalhaes.com.br\/index.php\/wp-json\/wp\/v2\/posts\/75584\/revisions\/75586"}],"wp:featuredmedia":[{"embeddable":true,"href":"https:\/\/blogdoedvaldomagalhaes.com.br\/index.php\/wp-json\/wp\/v2\/media\/75585"}],"wp:attachment":[{"href":"https:\/\/blogdoedvaldomagalhaes.com.br\/index.php\/wp-json\/wp\/v2\/media?parent=75584"}],"wp:term":[{"taxonomy":"category","embeddable":true,"href":"https:\/\/blogdoedvaldomagalhaes.com.br\/index.php\/wp-json\/wp\/v2\/categories?post=75584"},{"taxonomy":"post_tag","embeddable":true,"href":"https:\/\/blogdoedvaldomagalhaes.com.br\/index.php\/wp-json\/wp\/v2\/tags?post=75584"}],"curies":[{"name":"wp","href":"https:\/\/api.w.org\/{rel}","templated":true}]}}