{"id":75581,"date":"2021-10-04T21:17:39","date_gmt":"2021-10-05T00:17:39","guid":{"rendered":"https:\/\/blogdoedvaldomagalhaes.com.br\/?p=75581"},"modified":"2021-10-04T21:17:41","modified_gmt":"2021-10-05T00:17:41","slug":"hospital-vai-desmontar-tenda-devido-reducao-de-internamentos-por-covid-19-em-caruaru","status":"publish","type":"post","link":"https:\/\/blogdoedvaldomagalhaes.com.br\/index.php\/2021\/10\/04\/hospital-vai-desmontar-tenda-devido-reducao-de-internamentos-por-covid-19-em-caruaru\/","title":{"rendered":"Hospital vai desmontar tenda, devido redu\u00e7\u00e3o de internamentos por covid-19, em Caruaru"},"content":{"rendered":"<p style=\"text-align: justify;\">O Hospital Unimed Caruaru ir\u00e1 desmontar a tenda de atendimento da Unidade de Gripe, neste dia 07 de outubro. A estrutura atendia com exclusividade, seguran\u00e7a e celeridade os casos suspeitos de covid. O desmonte marca uma nova hist\u00f3ria com base nos indicadores de redu\u00e7\u00e3o de internamentos do coronav\u00edrus. Do in\u00edcio da pandemia (Mar\u00e7o de 2020) at\u00e9 30\/09\/ 21 o balan\u00e7o \u00e9 de 6251 vidas salvas, um dos melhores \u00edndices das Unimeds do Brasil.<br \/>\nNo total foram:<br \/>\n31.869 atendimentos;<br \/>\n1.289 Internados Enfermaria;<br \/>\n384 Internados UTI.<br \/>\nA Unimed Caruaru segue monitorando os indicadores diariamente e est\u00e1 confiante que a nova fase ser\u00e1 um cen\u00e1rio de mais tranquilidade em rela\u00e7\u00e3o \u00e0 pandemia. O Hospital Unimed ampliou recentemente a UTI Geral para 20 leitos, 6 deles revers\u00edveis para o tratamento da covid, caso haja necessidade.<br \/>\nA equipe continua de prontid\u00e3o para receber os pacientes com toda expertise e celeridade pertinentes aos profissionais que lutaram contra a covid e cuidaram t\u00e3o bem de cada um dos pacientes.<\/p>\n","protected":false},"excerpt":{"rendered":"<p>O Hospital Unimed Caruaru ir\u00e1 desmontar a tenda de atendimento da Unidade de Gripe, neste dia 07 de outubro. A&hellip;<\/p>\n","protected":false},"author":1,"featured_media":75582,"comment_status":"open","ping_status":"open","sticky":false,"template":"","format":"standard","meta":{"footnotes":""},"categories":[14120],"tags":[2,19532,3406,17559,22998,19670],"class_list":["post-75581","post","type-post","status-publish","format-standard","has-post-thumbnail","hentry","category-noticias","tag-blog-do-edvaldo-magalhaes","tag-blog-mais-acessado-e-visualizado-de-caruaru-e-regiao","tag-caruaru","tag-covid-19","tag-hospital-vai-desmontar-tenda-devido-reducao-de-internamentos-por-covid-19-em-caruaru","tag-novo-coronavirus"],"_links":{"self":[{"href":"https:\/\/blogdoedvaldomagalhaes.com.br\/index.php\/wp-json\/wp\/v2\/posts\/75581","targetHints":{"allow":["GET"]}}],"collection":[{"href":"https:\/\/blogdoedvaldomagalhaes.com.br\/index.php\/wp-json\/wp\/v2\/posts"}],"about":[{"href":"https:\/\/blogdoedvaldomagalhaes.com.br\/index.php\/wp-json\/wp\/v2\/types\/post"}],"author":[{"embeddable":true,"href":"https:\/\/blogdoedvaldomagalhaes.com.br\/index.php\/wp-json\/wp\/v2\/users\/1"}],"replies":[{"embeddable":true,"href":"https:\/\/blogdoedvaldomagalhaes.com.br\/index.php\/wp-json\/wp\/v2\/comments?post=75581"}],"version-history":[{"count":1,"href":"https:\/\/blogdoedvaldomagalhaes.com.br\/index.php\/wp-json\/wp\/v2\/posts\/75581\/revisions"}],"predecessor-version":[{"id":75583,"href":"https:\/\/blogdoedvaldomagalhaes.com.br\/index.php\/wp-json\/wp\/v2\/posts\/75581\/revisions\/75583"}],"wp:featuredmedia":[{"embeddable":true,"href":"https:\/\/blogdoedvaldomagalhaes.com.br\/index.php\/wp-json\/wp\/v2\/media\/75582"}],"wp:attachment":[{"href":"https:\/\/blogdoedvaldomagalhaes.com.br\/index.php\/wp-json\/wp\/v2\/media?parent=75581"}],"wp:term":[{"taxonomy":"category","embeddable":true,"href":"https:\/\/blogdoedvaldomagalhaes.com.br\/index.php\/wp-json\/wp\/v2\/categories?post=75581"},{"taxonomy":"post_tag","embeddable":true,"href":"https:\/\/blogdoedvaldomagalhaes.com.br\/index.php\/wp-json\/wp\/v2\/tags?post=75581"}],"curies":[{"name":"wp","href":"https:\/\/api.w.org\/{rel}","templated":true}]}}