{"id":75574,"date":"2021-10-04T18:19:06","date_gmt":"2021-10-04T21:19:06","guid":{"rendered":"https:\/\/blogdoedvaldomagalhaes.com.br\/?p=75574"},"modified":"2021-10-04T18:19:08","modified_gmt":"2021-10-04T21:19:08","slug":"homem-compra-carro-furtado-em-feirao-e-e-detido-pela-prf","status":"publish","type":"post","link":"https:\/\/blogdoedvaldomagalhaes.com.br\/index.php\/2021\/10\/04\/homem-compra-carro-furtado-em-feirao-e-e-detido-pela-prf\/","title":{"rendered":"Homem compra carro furtado em feir\u00e3o e \u00e9 detido pela PRF"},"content":{"rendered":"<p style=\"text-align: justify;\">Um homem, de 34 anos, que havia adquirido um carro furtado em um feir\u00e3o de ve\u00edculos usados no bairro da Ilha de Joana Bezerra, no Recife, foi detido nesta segunda-feira (04), pela Pol\u00edcia Rodovi\u00e1ria Federal (PRF), na BR-101, em Igarassu, na Regi\u00e3o Metropolitana da capital. O ve\u00edculo havia sido adquirido h\u00e1 15 dias e o motorista j\u00e1 teria pago 47 mil reais ao vendedor.<\/p>\n<p style=\"text-align: justify;\">Policiais realizavam fiscaliza\u00e7\u00e3o no Km 39 da rodovia, quando abordaram o carro com placas do Mercosul. Ap\u00f3s um procedimento de identifica\u00e7\u00e3o, foi descoberto que o ve\u00edculo havia sido levado de uma locadora e possu\u00eda um registro de furto desde junho deste ano, na cidade de Belo Horizonte, em Minas Gerais.<\/p>\n<p style=\"text-align: justify;\">O motorista disse que havia negociado o carro por 51 mil reais e ainda faltava pagar 4 mil reais para concluir a transa\u00e7\u00e3o. Ele foi encaminhado para a Delegacia de Pol\u00edcia Civil.<\/p>\n","protected":false},"excerpt":{"rendered":"<p>Um homem, de 34 anos, que havia adquirido um carro furtado em um feir\u00e3o de ve\u00edculos usados no bairro da&hellip;<\/p>\n","protected":false},"author":1,"featured_media":75575,"comment_status":"open","ping_status":"open","sticky":false,"template":"","format":"standard","meta":{"footnotes":""},"categories":[14121],"tags":[2,19532,3406,22997,2601],"class_list":["post-75574","post","type-post","status-publish","format-standard","has-post-thumbnail","hentry","category-policial","tag-blog-do-edvaldo-magalhaes","tag-blog-mais-acessado-e-visualizado-de-caruaru-e-regiao","tag-caruaru","tag-homem-compra-carro-furtado-em-feirao-e-e-detido-pela-prf","tag-igarassu"],"_links":{"self":[{"href":"https:\/\/blogdoedvaldomagalhaes.com.br\/index.php\/wp-json\/wp\/v2\/posts\/75574","targetHints":{"allow":["GET"]}}],"collection":[{"href":"https:\/\/blogdoedvaldomagalhaes.com.br\/index.php\/wp-json\/wp\/v2\/posts"}],"about":[{"href":"https:\/\/blogdoedvaldomagalhaes.com.br\/index.php\/wp-json\/wp\/v2\/types\/post"}],"author":[{"embeddable":true,"href":"https:\/\/blogdoedvaldomagalhaes.com.br\/index.php\/wp-json\/wp\/v2\/users\/1"}],"replies":[{"embeddable":true,"href":"https:\/\/blogdoedvaldomagalhaes.com.br\/index.php\/wp-json\/wp\/v2\/comments?post=75574"}],"version-history":[{"count":1,"href":"https:\/\/blogdoedvaldomagalhaes.com.br\/index.php\/wp-json\/wp\/v2\/posts\/75574\/revisions"}],"predecessor-version":[{"id":75576,"href":"https:\/\/blogdoedvaldomagalhaes.com.br\/index.php\/wp-json\/wp\/v2\/posts\/75574\/revisions\/75576"}],"wp:featuredmedia":[{"embeddable":true,"href":"https:\/\/blogdoedvaldomagalhaes.com.br\/index.php\/wp-json\/wp\/v2\/media\/75575"}],"wp:attachment":[{"href":"https:\/\/blogdoedvaldomagalhaes.com.br\/index.php\/wp-json\/wp\/v2\/media?parent=75574"}],"wp:term":[{"taxonomy":"category","embeddable":true,"href":"https:\/\/blogdoedvaldomagalhaes.com.br\/index.php\/wp-json\/wp\/v2\/categories?post=75574"},{"taxonomy":"post_tag","embeddable":true,"href":"https:\/\/blogdoedvaldomagalhaes.com.br\/index.php\/wp-json\/wp\/v2\/tags?post=75574"}],"curies":[{"name":"wp","href":"https:\/\/api.w.org\/{rel}","templated":true}]}}