{"id":75571,"date":"2021-10-04T13:55:22","date_gmt":"2021-10-04T16:55:22","guid":{"rendered":"https:\/\/blogdoedvaldomagalhaes.com.br\/?p=75571"},"modified":"2021-10-04T19:52:18","modified_gmt":"2021-10-04T22:52:18","slug":"pane-global-tiram-whatsapp-instagram-e-facebook-do-ar-nesta-segunda-feira-4","status":"publish","type":"post","link":"https:\/\/blogdoedvaldomagalhaes.com.br\/index.php\/2021\/10\/04\/pane-global-tiram-whatsapp-instagram-e-facebook-do-ar-nesta-segunda-feira-4\/","title":{"rendered":"Pane global tiram WhatsApp, Instagram e Facebook do ar nesta segunda-feira (4)"},"content":{"rendered":"<p style=\"text-align: justify;\">As redes sociais mais famosas do mundo ficaram fora do ar do in\u00edcio da tarde at\u00e9 o in\u00edcio da noite desta segunda-feira (4). O Facebook, Instragram e WhatsApp apresentam erro de servidor em todo o mundo. Problema nos trending topics do Twitter e v\u00e1rios internautas reclamam da difuldade em acessar os servi\u00e7os. De acordo com o Downdetector, site que monitora reclama\u00e7\u00f5es de servi\u00e7os da internet, as queixas come\u00e7aram por volta das 12h50.<\/p>\n<p style=\"text-align: justify;\">O Telegram tamb\u00e9m apresentou instabilidade. Usu\u00e1rios relatam lentid\u00e3o na hora do envio e recebimento de mensagens e em alguns casos, n\u00e3o conseguindo utilizar o aplicativo. De acordo com o suporte do app, a falha \u00e9 considerada normal tendo em vista, a grande quantidade de ativa\u00e7\u00e3o de contas ao mesmo tempo, sobrecarregando os servidores.<\/p>\n<p style=\"text-align: justify;\">Foto de\u00a0<strong><a href=\"https:\/\/www.pexels.com\/pt-br\/@tracy-le-blanc-67789?utm_content=attributionCopyText&amp;utm_medium=referral&amp;utm_source=pexels\">Tracy Le Blanc<\/a><\/strong>\u00a0no\u00a0<strong><a href=\"https:\/\/www.pexels.com\/pt-br\/foto\/pessoa-segurando-iphone-mostrando-pasta-de-redes-sociais-607812\/?utm_content=attributionCopyText&amp;utm_medium=referral&amp;utm_source=pexels\">Pexels<\/a><\/strong><\/p>\n","protected":false},"excerpt":{"rendered":"<p>As redes sociais mais famosas do mundo ficaram fora do ar do in\u00edcio da tarde at\u00e9 o in\u00edcio da noite&hellip;<\/p>\n","protected":false},"author":1,"featured_media":75572,"comment_status":"open","ping_status":"open","sticky":false,"template":"","format":"standard","meta":{"footnotes":""},"categories":[14120],"tags":[2,19532,3406,6,22996],"class_list":["post-75571","post","type-post","status-publish","format-standard","has-post-thumbnail","hentry","category-noticias","tag-blog-do-edvaldo-magalhaes","tag-blog-mais-acessado-e-visualizado-de-caruaru-e-regiao","tag-caruaru","tag-noticias","tag-pane-global-tiram-whatsapp-instagram-e-facebook-do-ar-nesta-segunda-feira-4"],"_links":{"self":[{"href":"https:\/\/blogdoedvaldomagalhaes.com.br\/index.php\/wp-json\/wp\/v2\/posts\/75571","targetHints":{"allow":["GET"]}}],"collection":[{"href":"https:\/\/blogdoedvaldomagalhaes.com.br\/index.php\/wp-json\/wp\/v2\/posts"}],"about":[{"href":"https:\/\/blogdoedvaldomagalhaes.com.br\/index.php\/wp-json\/wp\/v2\/types\/post"}],"author":[{"embeddable":true,"href":"https:\/\/blogdoedvaldomagalhaes.com.br\/index.php\/wp-json\/wp\/v2\/users\/1"}],"replies":[{"embeddable":true,"href":"https:\/\/blogdoedvaldomagalhaes.com.br\/index.php\/wp-json\/wp\/v2\/comments?post=75571"}],"version-history":[{"count":3,"href":"https:\/\/blogdoedvaldomagalhaes.com.br\/index.php\/wp-json\/wp\/v2\/posts\/75571\/revisions"}],"predecessor-version":[{"id":75580,"href":"https:\/\/blogdoedvaldomagalhaes.com.br\/index.php\/wp-json\/wp\/v2\/posts\/75571\/revisions\/75580"}],"wp:featuredmedia":[{"embeddable":true,"href":"https:\/\/blogdoedvaldomagalhaes.com.br\/index.php\/wp-json\/wp\/v2\/media\/75572"}],"wp:attachment":[{"href":"https:\/\/blogdoedvaldomagalhaes.com.br\/index.php\/wp-json\/wp\/v2\/media?parent=75571"}],"wp:term":[{"taxonomy":"category","embeddable":true,"href":"https:\/\/blogdoedvaldomagalhaes.com.br\/index.php\/wp-json\/wp\/v2\/categories?post=75571"},{"taxonomy":"post_tag","embeddable":true,"href":"https:\/\/blogdoedvaldomagalhaes.com.br\/index.php\/wp-json\/wp\/v2\/tags?post=75571"}],"curies":[{"name":"wp","href":"https:\/\/api.w.org\/{rel}","templated":true}]}}