{"id":75568,"date":"2021-10-04T12:55:47","date_gmt":"2021-10-04T15:55:47","guid":{"rendered":"https:\/\/blogdoedvaldomagalhaes.com.br\/?p=75568"},"modified":"2021-10-04T12:55:49","modified_gmt":"2021-10-04T15:55:49","slug":"emenda-parlamentar-de-tony-gel-beneficia-associacao-de-pequenos-agricultores-de-serra-dos-pintos-em-caruaru","status":"publish","type":"post","link":"https:\/\/blogdoedvaldomagalhaes.com.br\/index.php\/2021\/10\/04\/emenda-parlamentar-de-tony-gel-beneficia-associacao-de-pequenos-agricultores-de-serra-dos-pintos-em-caruaru\/","title":{"rendered":"Emenda parlamentar de Tony Gel beneficia associa\u00e7\u00e3o de pequenos agricultores de Serra dos Pintos em Caruaru"},"content":{"rendered":"<p style=\"text-align: justify;\"><span style=\"font-size: inherit;\">Uma emenda parlamentar destinada pelo Deputado Estadual Tony Gel (MDB) no valor de R$ 55.000,00 (cinquenta e cinco mil reais) vai beneficiar a Associa\u00e7\u00e3o dos Moradores e Pequenos Agricultores da Vila de Serra dos Pintos, situada no 3\u00b0 Distrito, Zona Rural de Caruaru.<\/span><\/p>\n<p style=\"text-align: justify;\">Com os recursos enviados por Tony Gel, a Associa\u00e7\u00e3o vai poder comprar uma c\u00e2mara frigor\u00edfica e despolpadeira para beneficiamento e conserva\u00e7\u00e3o de frutas e hortali\u00e7as produzidas pelos respectivos associados. A emenda parlamentar j\u00e1 est\u00e1 a\u00b9 disposi\u00e7\u00e3o da entidade, que precisa t\u00e3o somente apresentar a documenta\u00e7\u00e3o para a libera\u00e7\u00e3o acontecer.<\/p>\n<p style=\"text-align: justify;\">Essa \u00e9 mais uma Associa\u00e7\u00e3o de Caruaru, que \u00e9 beneficiada pelo Deputado Tony Gel, por meio de emendas parlamentares.<\/p>\n","protected":false},"excerpt":{"rendered":"<p>Uma emenda parlamentar destinada pelo Deputado Estadual Tony Gel (MDB) no valor de R$ 55.000,00 (cinquenta e cinco mil reais)&hellip;<\/p>\n","protected":false},"author":1,"featured_media":75569,"comment_status":"open","ping_status":"open","sticky":false,"template":"","format":"standard","meta":{"footnotes":""},"categories":[14122],"tags":[2,19532,3406,22993,6,20],"class_list":["post-75568","post","type-post","status-publish","format-standard","has-post-thumbnail","hentry","category-politica","tag-blog-do-edvaldo-magalhaes","tag-blog-mais-acessado-e-visualizado-de-caruaru-e-regiao","tag-caruaru","tag-emenda-parlamentar-de-tony-gel-beneficia-associacao-de-pequenos-agricultores-de-serra-dos-pintos-em-caruaru","tag-noticias","tag-politica"],"_links":{"self":[{"href":"https:\/\/blogdoedvaldomagalhaes.com.br\/index.php\/wp-json\/wp\/v2\/posts\/75568","targetHints":{"allow":["GET"]}}],"collection":[{"href":"https:\/\/blogdoedvaldomagalhaes.com.br\/index.php\/wp-json\/wp\/v2\/posts"}],"about":[{"href":"https:\/\/blogdoedvaldomagalhaes.com.br\/index.php\/wp-json\/wp\/v2\/types\/post"}],"author":[{"embeddable":true,"href":"https:\/\/blogdoedvaldomagalhaes.com.br\/index.php\/wp-json\/wp\/v2\/users\/1"}],"replies":[{"embeddable":true,"href":"https:\/\/blogdoedvaldomagalhaes.com.br\/index.php\/wp-json\/wp\/v2\/comments?post=75568"}],"version-history":[{"count":1,"href":"https:\/\/blogdoedvaldomagalhaes.com.br\/index.php\/wp-json\/wp\/v2\/posts\/75568\/revisions"}],"predecessor-version":[{"id":75570,"href":"https:\/\/blogdoedvaldomagalhaes.com.br\/index.php\/wp-json\/wp\/v2\/posts\/75568\/revisions\/75570"}],"wp:featuredmedia":[{"embeddable":true,"href":"https:\/\/blogdoedvaldomagalhaes.com.br\/index.php\/wp-json\/wp\/v2\/media\/75569"}],"wp:attachment":[{"href":"https:\/\/blogdoedvaldomagalhaes.com.br\/index.php\/wp-json\/wp\/v2\/media?parent=75568"}],"wp:term":[{"taxonomy":"category","embeddable":true,"href":"https:\/\/blogdoedvaldomagalhaes.com.br\/index.php\/wp-json\/wp\/v2\/categories?post=75568"},{"taxonomy":"post_tag","embeddable":true,"href":"https:\/\/blogdoedvaldomagalhaes.com.br\/index.php\/wp-json\/wp\/v2\/tags?post=75568"}],"curies":[{"name":"wp","href":"https:\/\/api.w.org\/{rel}","templated":true}]}}