{"id":7554,"date":"2016-11-28T15:58:00","date_gmt":"2016-11-28T17:58:00","guid":{"rendered":"http:\/\/blogdoedvaldomagalhaes.com.br\/index.php\/2016\/11\/28\/confira-programacao-do-caruaru-prime\/"},"modified":"2019-02-09T01:07:53","modified_gmt":"2019-02-09T03:07:53","slug":"confira-programacao-do-caruaru-prime","status":"publish","type":"post","link":"https:\/\/blogdoedvaldomagalhaes.com.br\/index.php\/2016\/11\/28\/confira-programacao-do-caruaru-prime\/","title":{"rendered":"Confira a programa\u00e7\u00e3o do Caruaru Prime Music"},"content":{"rendered":"<div class=\"separator\" style=\"clear: both; text-align: center;\">\n<a href=\"https:\/\/2.bp.blogspot.com\/-Auxo46qBZZw\/WDxTZNsqgxI\/AAAAAAAAKlo\/5iPW52SR18MKHTs7-YgQ4GCDz2HfYU4gACLcB\/s1600\/prime.jpg\" imageanchor=\"1\" style=\"margin-left: 1em; margin-right: 1em;\"><img loading=\"lazy\" decoding=\"async\" border=\"0\" height=\"91\" src=\"http:\/\/blogdoedvaldomagalhaes.com.br\/wp-content\/uploads\/2016\/11\/prime.jpg\" width=\"400\" \/><\/a><\/div>\n<div class=\"separator\" style=\"clear: both; text-align: center;\">\n<\/div>\n<div class=\"MsoNormal\" style=\"background: white; line-height: normal; margin-bottom: 19.5pt; text-align: justify;\">\nA menos de 15 dias para o Caruaru Prime Music, a lista oficial com<br \/>\nhor\u00e1rios de cada apresenta\u00e7\u00e3o \u00e9 divulgada.&nbsp;Aten\u00e7\u00e3o aos hor\u00e1rios:<\/div>\n<div class=\"MsoNormal\" style=\"background: white; line-height: normal; margin-bottom: 19.5pt; text-align: justify;\">\n<b>&nbsp;Sexta (09\/12):<\/b><\/div>\n<div class=\"MsoNormal\" style=\"background: white; line-height: normal; margin-bottom: 19.5pt; text-align: justify;\">\n18h Abertura dos port\u00f5es<\/div>\n<div class=\"MsoNormal\" style=\"background: white; line-height: normal; margin-bottom: 19.5pt; text-align: justify;\">\n20h Paralamas do Sucesso<\/div>\n<div class=\"MsoNormal\" style=\"background: white; line-height: normal; margin-bottom: 19.5pt; text-align: justify;\">\n22h Nando Reis<\/div>\n<div class=\"MsoNormal\" style=\"background: white; line-height: normal; margin-bottom: 19.5pt; text-align: justify;\">\n00h Biqu\u00edni Cavad\u00e3o<\/div>\n<div class=\"MsoNormal\" style=\"background: white; line-height: normal; margin-bottom: 19.5pt; text-align: justify;\">\n02h Lenine&nbsp;<\/div>\n<div class=\"MsoNormal\" style=\"background: white; line-height: normal; margin-bottom: 19.5pt; text-align: justify;\">\n<b>S\u00e1bado (10\/12):<\/b><\/div>\n<div class=\"MsoNormal\" style=\"background: white; line-height: normal; margin-bottom: 19.5pt; text-align: justify;\">\n18h Abertura dos port\u00f5es<\/div>\n<div class=\"MsoNormal\" style=\"background: white; line-height: normal; margin-bottom: 19.5pt; text-align: justify;\">\n20h Na\u00e7\u00e3o Zumbi<\/div>\n<div class=\"MsoNormal\" style=\"background: white; line-height: normal; margin-bottom: 19.5pt; text-align: justify;\">\n22h Tit\u00e3s<\/div>\n<div class=\"MsoNormal\" style=\"background: white; line-height: normal; margin-bottom: 19.5pt; text-align: justify;\">\n00h Legi\u00e3o Urbana<\/div>\n<div class=\"MsoNormal\" style=\"background: white; line-height: normal; margin-bottom: 19.5pt; text-align: justify;\">\n02h Raimundos<\/div>\n<div class=\"MsoNormal\" style=\"background: white; line-height: normal; margin-bottom: 19.5pt; text-align: justify;\">\nO&nbsp;<b>Caruaru Prime Music<\/b>&nbsp;ser\u00e1 realizado, nos dias 9 e 10<br \/>\nde dezembro, na \u00e1rea externa do Polo Comercial de Caruaru, que fica \u00e0s margens<br \/>\nda BR 104. Uma grande estrutura ser\u00e1 montada, com amplo parque de alimenta\u00e7\u00e3o<br \/>\ne, ainda, roda gigante e tirolesa. Quem n\u00e3o garantiu o ingresso ainda d\u00e1 tempo<br \/>\nde comprar os do terceiro lote dispon\u00edvel para venda: em Caruaru, no quiosque<br \/>\ndo Shopping Difusora; no Recife, quiosque Ingresso Prime, Shopping Rio Mar e<br \/>\nShopping Tacaruna, al\u00e9m da loja Scaven da Rua da Imperatriz, no centro da<br \/>\ncidade; em Macei\u00f3, nos supermercados Unicompra dos bairros Ponta Verde e Farol,<br \/>\ne Acesso Vip Macei\u00f3, no Parque Shopping. Vendas on-line atrav\u00e9s dos sites:<\/div>\n<div class=\"separator\" style=\"clear: both; text-align: center;\">\n<\/div>\n<div class=\"MsoNormal\" style=\"background: white; line-height: normal; margin-bottom: 19.5pt; text-align: justify;\">\n<a href=\"http:\/\/www.ingressorapido.com.br\/\" target=\"_blank\">www.ingressorapido.com.br<\/a><br \/>\n<a href=\"http:\/\/www.melhordoingresso.com.br\/\" target=\"_blank\">www.melhordoingresso.com.br<\/a><br \/>\n<a href=\"http:\/\/www.acessovipmaceio.com.br\/\" target=\"_blank\">www.acessovipmaceio.com.br<\/a><br \/>\n<a href=\"http:\/\/www.peixeurbano.com.br\/\" target=\"_blank\">www.peixeurbano.com.br<\/a><\/div>\n","protected":false},"excerpt":{"rendered":"<p>A menos de 15 dias para o Caruaru Prime Music, a lista oficial com hor\u00e1rios de cada apresenta\u00e7\u00e3o \u00e9 divulgada.&nbsp;Aten\u00e7\u00e3o&hellip;<\/p>\n","protected":false},"author":1,"featured_media":0,"comment_status":"open","ping_status":"open","sticky":false,"template":"","format":"standard","meta":{"footnotes":""},"categories":[1],"tags":[10782,2,10783,10784,7959,10785,10786,6,10787,10501,10502],"class_list":["post-7554","post","type-post","status-publish","format-standard","hentry","category-sem-categoria","tag-biquini-cavadao","tag-blog-do-edvaldo-magalhaes","tag-confira-a-programacao-do-caruaru-prime-music","tag-legiao-urbana","tag-lenine","tag-nacao-zumbi","tag-nando-reis","tag-noticias","tag-paralamas-do-sucesso","tag-raimundos","tag-titas"],"_links":{"self":[{"href":"https:\/\/blogdoedvaldomagalhaes.com.br\/index.php\/wp-json\/wp\/v2\/posts\/7554","targetHints":{"allow":["GET"]}}],"collection":[{"href":"https:\/\/blogdoedvaldomagalhaes.com.br\/index.php\/wp-json\/wp\/v2\/posts"}],"about":[{"href":"https:\/\/blogdoedvaldomagalhaes.com.br\/index.php\/wp-json\/wp\/v2\/types\/post"}],"author":[{"embeddable":true,"href":"https:\/\/blogdoedvaldomagalhaes.com.br\/index.php\/wp-json\/wp\/v2\/users\/1"}],"replies":[{"embeddable":true,"href":"https:\/\/blogdoedvaldomagalhaes.com.br\/index.php\/wp-json\/wp\/v2\/comments?post=7554"}],"version-history":[{"count":1,"href":"https:\/\/blogdoedvaldomagalhaes.com.br\/index.php\/wp-json\/wp\/v2\/posts\/7554\/revisions"}],"predecessor-version":[{"id":14497,"href":"https:\/\/blogdoedvaldomagalhaes.com.br\/index.php\/wp-json\/wp\/v2\/posts\/7554\/revisions\/14497"}],"wp:attachment":[{"href":"https:\/\/blogdoedvaldomagalhaes.com.br\/index.php\/wp-json\/wp\/v2\/media?parent=7554"}],"wp:term":[{"taxonomy":"category","embeddable":true,"href":"https:\/\/blogdoedvaldomagalhaes.com.br\/index.php\/wp-json\/wp\/v2\/categories?post=7554"},{"taxonomy":"post_tag","embeddable":true,"href":"https:\/\/blogdoedvaldomagalhaes.com.br\/index.php\/wp-json\/wp\/v2\/tags?post=7554"}],"curies":[{"name":"wp","href":"https:\/\/api.w.org\/{rel}","templated":true}]}}