{"id":7553,"date":"2016-11-28T16:38:00","date_gmt":"2016-11-28T18:38:00","guid":{"rendered":"http:\/\/blogdoedvaldomagalhaes.com.br\/index.php\/2016\/11\/28\/sindserpe-deflagra-greve-por-tempo\/"},"modified":"2019-02-09T01:07:53","modified_gmt":"2019-02-09T03:07:53","slug":"sindserpe-deflagra-greve-por-tempo","status":"publish","type":"post","link":"https:\/\/blogdoedvaldomagalhaes.com.br\/index.php\/2016\/11\/28\/sindserpe-deflagra-greve-por-tempo\/","title":{"rendered":"Sindserpe deflagra greve por tempo indeterminado em Pernambuco"},"content":{"rendered":"<div class=\"separator\" style=\"clear: both; text-align: center;\">\n<a href=\"https:\/\/2.bp.blogspot.com\/-0UMrtWcr8ds\/WDxb-_fWFTI\/AAAAAAAAKmE\/OgmKypwUwk0utN38zL7em-Xkj7ppmFpjwCLcB\/s1600\/esta.jpg\" imageanchor=\"1\" style=\"margin-left: 1em; margin-right: 1em;\"><img loading=\"lazy\" decoding=\"async\" border=\"0\" height=\"243\" src=\"http:\/\/blogdoedvaldomagalhaes.com.br\/wp-content\/uploads\/2016\/11\/esta.jpg\" width=\"400\" \/><\/a><\/div>\n<div style=\"color: #333333; font-family: &quot;Open Sans&quot;, sans-serif; font-size: 15px; list-style: none; text-align: justify;\">\n<\/div>\n<div style=\"list-style: none; text-align: justify;\">\nO Sindicato dos Servidores P\u00fablicos Civis do Estado de Pernambuco (Sindserpe) deflagrou greve por tempo indeterminado. A paralisa\u00e7\u00e3o teve in\u00edcio nessa segunda-feira (28).<\/div>\n<div style=\"list-style: none; text-align: justify;\">\n&nbsp;<\/div>\n<div style=\"list-style: none; text-align: justify;\">\nUm dos motivos \u00e9 a falta de negocia\u00e7\u00e3o do Governo com a categoria, que desde 2015 a categoria n\u00e3o tem reajuste salarial, cria\u00e7\u00e3o de cargos, PCCVs, vale refei\u00e7\u00e3o congelado a mais de nove anos, segundo Adalgisa Miranda, diretora regional do Sindicato.&nbsp;<\/div>\n<div style=\"list-style: none; text-align: justify;\">\n<\/div>\n<div style=\"list-style: none; text-align: justify;\">\nEm Caruaru aderiram a greve Jucepe, IRH, IML, IC e IPEM, durante a semana devem aderir tamb\u00e9m o DER, Funase, Funape, e outros \u00f3rg\u00e3os.<\/div>\n","protected":false},"excerpt":{"rendered":"<p>O Sindicato dos Servidores P\u00fablicos Civis do Estado de Pernambuco (Sindserpe) deflagrou greve por tempo indeterminado. A paralisa\u00e7\u00e3o teve in\u00edcio&hellip;<\/p>\n","protected":false},"author":1,"featured_media":0,"comment_status":"open","ping_status":"open","sticky":false,"template":"","format":"standard","meta":{"footnotes":""},"categories":[1],"tags":[10775,2,10776,10777,3724,4173,3149,10778,10779,10780,6,10781],"class_list":["post-7553","post","type-post","status-publish","format-standard","hentry","category-sem-categoria","tag-adalgisa-miranda","tag-blog-do-edvaldo-magalhaes","tag-der","tag-funape","tag-funase","tag-ic","tag-iml","tag-ipem","tag-irh","tag-jucepe","tag-noticias","tag-sindserpe-deflagra-greve-por-tempo-indeterminado-em-pernambuco"],"_links":{"self":[{"href":"https:\/\/blogdoedvaldomagalhaes.com.br\/index.php\/wp-json\/wp\/v2\/posts\/7553","targetHints":{"allow":["GET"]}}],"collection":[{"href":"https:\/\/blogdoedvaldomagalhaes.com.br\/index.php\/wp-json\/wp\/v2\/posts"}],"about":[{"href":"https:\/\/blogdoedvaldomagalhaes.com.br\/index.php\/wp-json\/wp\/v2\/types\/post"}],"author":[{"embeddable":true,"href":"https:\/\/blogdoedvaldomagalhaes.com.br\/index.php\/wp-json\/wp\/v2\/users\/1"}],"replies":[{"embeddable":true,"href":"https:\/\/blogdoedvaldomagalhaes.com.br\/index.php\/wp-json\/wp\/v2\/comments?post=7553"}],"version-history":[{"count":1,"href":"https:\/\/blogdoedvaldomagalhaes.com.br\/index.php\/wp-json\/wp\/v2\/posts\/7553\/revisions"}],"predecessor-version":[{"id":14499,"href":"https:\/\/blogdoedvaldomagalhaes.com.br\/index.php\/wp-json\/wp\/v2\/posts\/7553\/revisions\/14499"}],"wp:attachment":[{"href":"https:\/\/blogdoedvaldomagalhaes.com.br\/index.php\/wp-json\/wp\/v2\/media?parent=7553"}],"wp:term":[{"taxonomy":"category","embeddable":true,"href":"https:\/\/blogdoedvaldomagalhaes.com.br\/index.php\/wp-json\/wp\/v2\/categories?post=7553"},{"taxonomy":"post_tag","embeddable":true,"href":"https:\/\/blogdoedvaldomagalhaes.com.br\/index.php\/wp-json\/wp\/v2\/tags?post=7553"}],"curies":[{"name":"wp","href":"https:\/\/api.w.org\/{rel}","templated":true}]}}