{"id":7552,"date":"2016-11-28T16:46:00","date_gmt":"2016-11-28T18:46:00","guid":{"rendered":"http:\/\/blogdoedvaldomagalhaes.com.br\/index.php\/2016\/11\/28\/radio-liberdade-recebe-nesta-terca-2\/"},"modified":"2019-02-09T01:07:53","modified_gmt":"2019-02-09T03:07:53","slug":"radio-liberdade-recebe-nesta-terca-2","status":"publish","type":"post","link":"https:\/\/blogdoedvaldomagalhaes.com.br\/index.php\/2016\/11\/28\/radio-liberdade-recebe-nesta-terca-2\/","title":{"rendered":"R\u00e1dio Liberdade recebe nesta ter\u00e7a-feira 11\u00ba Top Marcas"},"content":{"rendered":"<div class=\"separator\" style=\"clear: both; text-align: center;\">\n<a href=\"https:\/\/3.bp.blogspot.com\/-bFCTky4BERc\/WDxfN8YaI0I\/AAAAAAAAKmQ\/BI4rtTdeYOEC--Tr8r006CJsU7C2weWfwCLcB\/s1600\/liberdade.jpg\" imageanchor=\"1\" style=\"margin-left: 1em; margin-right: 1em;\"><img loading=\"lazy\" decoding=\"async\" border=\"0\" height=\"243\" src=\"http:\/\/blogdoedvaldomagalhaes.com.br\/wp-content\/uploads\/2016\/11\/liberdade-2.jpg\" width=\"400\" \/><\/a><\/div>\n<div class=\"separator\" style=\"clear: both; text-align: center;\">\nArte: Juliana Siqueira<\/div>\n<div style=\"color: #333333; font-family: &quot;Open Sans&quot;, sans-serif; font-size: 15px; list-style: none; text-align: justify;\">\n<\/div>\n<div style=\"list-style: none; text-align: justify;\">\nA R\u00e1dio Liberdade recebe nesta ter\u00e7a-feira (29) o 11\u00ba Pr\u00eamio Top Marcas do Jornal Vanguarda. A emissora foi premiada em todas as edi\u00e7\u00f5es por ser a mais lembrada pelos caruaruenses no segmento comunica\u00e7\u00e3o.<\/div>\n<div style=\"list-style: none; text-align: justify;\">\n&nbsp;<\/div>\n<div style=\"list-style: none; text-align: justify;\">\nO evento acontece a partir das 19h, no Centro de Conven\u00e7\u00f5es de Caruaru, no bairro Indian\u00f3polis. Estar\u00e3o presentes representantes de v\u00e1rios setores da sociedade.<\/div>\n<div style=\"line-height: normal; list-style: none; margin-bottom: 0.0001pt; text-align: justify;\">\n&nbsp;<\/div>\n<div style=\"line-height: normal; list-style: none; margin-bottom: 0.0001pt; text-align: justify;\">\nO diretor executivo do Sistema de Comunica\u00e7\u00e3o Liberdade, Ivan Feitosa, que receber\u00e1 a premia\u00e7\u00e3o, divide a alegria com os colaboradores e os ouvintes, que fazem da Liberdade a emissora de r\u00e1dio mais querida de Caruaru e regi\u00e3o.<\/div>\n<div style=\"list-style: none; text-align: justify;\">\n&nbsp;<\/div>\n<div style=\"list-style: none; text-align: justify;\">\nO Top Marcas tem como principal objetivo identificar as marcas que s\u00e3o mais lembradas pelos consumidores. O levantamento foi realizado pela JM Consultoria &amp; Pesquisa, nos dias 22 e 23 de outubro, na cidade e zona rural. Foram ouvidas 439 pessoas.<\/div>\n","protected":false},"excerpt":{"rendered":"<p>Arte: Juliana Siqueira A R\u00e1dio Liberdade recebe nesta ter\u00e7a-feira (29) o 11\u00ba Pr\u00eamio Top Marcas do Jornal Vanguarda. A emissora&hellip;<\/p>\n","protected":false},"author":1,"featured_media":0,"comment_status":"open","ping_status":"open","sticky":false,"template":"","format":"standard","meta":{"footnotes":""},"categories":[1],"tags":[1527,2,6514,10730,6,10774],"class_list":["post-7552","post","type-post","status-publish","format-standard","hentry","category-sem-categoria","tag-bairro-indianopolis","tag-blog-do-edvaldo-magalhaes","tag-centro-de-convencoes-de-caruaru","tag-jm-consultoria-e-pesquisa","tag-noticias","tag-radio-liberdade-recebe-nesta-terca-feira-11o-top-marcas"],"_links":{"self":[{"href":"https:\/\/blogdoedvaldomagalhaes.com.br\/index.php\/wp-json\/wp\/v2\/posts\/7552","targetHints":{"allow":["GET"]}}],"collection":[{"href":"https:\/\/blogdoedvaldomagalhaes.com.br\/index.php\/wp-json\/wp\/v2\/posts"}],"about":[{"href":"https:\/\/blogdoedvaldomagalhaes.com.br\/index.php\/wp-json\/wp\/v2\/types\/post"}],"author":[{"embeddable":true,"href":"https:\/\/blogdoedvaldomagalhaes.com.br\/index.php\/wp-json\/wp\/v2\/users\/1"}],"replies":[{"embeddable":true,"href":"https:\/\/blogdoedvaldomagalhaes.com.br\/index.php\/wp-json\/wp\/v2\/comments?post=7552"}],"version-history":[{"count":1,"href":"https:\/\/blogdoedvaldomagalhaes.com.br\/index.php\/wp-json\/wp\/v2\/posts\/7552\/revisions"}],"predecessor-version":[{"id":14501,"href":"https:\/\/blogdoedvaldomagalhaes.com.br\/index.php\/wp-json\/wp\/v2\/posts\/7552\/revisions\/14501"}],"wp:attachment":[{"href":"https:\/\/blogdoedvaldomagalhaes.com.br\/index.php\/wp-json\/wp\/v2\/media?parent=7552"}],"wp:term":[{"taxonomy":"category","embeddable":true,"href":"https:\/\/blogdoedvaldomagalhaes.com.br\/index.php\/wp-json\/wp\/v2\/categories?post=7552"},{"taxonomy":"post_tag","embeddable":true,"href":"https:\/\/blogdoedvaldomagalhaes.com.br\/index.php\/wp-json\/wp\/v2\/tags?post=7552"}],"curies":[{"name":"wp","href":"https:\/\/api.w.org\/{rel}","templated":true}]}}