{"id":75516,"date":"2021-10-02T22:41:33","date_gmt":"2021-10-03T01:41:33","guid":{"rendered":"https:\/\/blogdoedvaldomagalhaes.com.br\/?p=75516"},"modified":"2021-10-02T23:29:31","modified_gmt":"2021-10-03T02:29:31","slug":"central-vence-selecao-de-alianca-em-preparacao-para-a-seletiva-da-copa-do-nordeste","status":"publish","type":"post","link":"https:\/\/blogdoedvaldomagalhaes.com.br\/index.php\/2021\/10\/02\/central-vence-selecao-de-alianca-em-preparacao-para-a-seletiva-da-copa-do-nordeste\/","title":{"rendered":"Central vence Sele\u00e7\u00e3o de Alian\u00e7a em prepara\u00e7\u00e3o para a seletiva da Copa do Nordeste"},"content":{"rendered":"<p style=\"text-align: justify;\">O Central venceu o jogo treino contra a Sele\u00e7\u00e3o de Alian\u00e7a, por 2 a 0, gols de Alex Alian\u00e7a e Rafael Guedes, na noite deste s\u00e1bado (02), no Est\u00e1dio Municipal Nelson de Morais Pinho, na Zona da Mata Norte de Pernambuco, em prepara\u00e7\u00e3o para a seletiva da Copa do Nordeste.<\/p>\n<p style=\"text-align: justify;\"><span style=\"font-size: inherit;\">Escala\u00e7\u00e3o do Central:<\/span><span style=\"font-size: inherit;\"> Murilo (Lucas),<\/span><span style=\"font-size: inherit;\"> Danielzinho, <\/span><span style=\"font-size: inherit;\">Renan Costa, <\/span><span style=\"font-size: inherit;\">Pedro e C<\/span><span style=\"font-size: inherit;\">leitinho; <\/span><span style=\"font-size: inherit;\">Jo\u00e3o V\u00edctor (C), <\/span><span style=\"font-size: inherit;\">Jonatan (Ruan), <\/span><span style=\"font-size: inherit;\">Anderson S\u00e3o Jo\u00e3o (Igor) e <\/span><span style=\"font-size: inherit;\">Maicon Alagoano; <\/span><span style=\"font-size: inherit;\">Genildo (Rafael Guedes) e<\/span><span style=\"font-size: inherit;\"> Alex Alian\u00e7a.<\/span><\/p>\n<p style=\"text-align: justify;\">O elenco alvinegro iniciou a prepara\u00e7\u00e3o para a seletiva da Copa do Nordeste, na \u00faltima segunda-feira (26), em Alian\u00e7a, na Zona da Mata Norte de Pernambuco, visando o jogo contra a Juazeirense, no interior da Bahia, no pr\u00f3ximo dia 12 de outubro, \u00e0s 19h. Quem vencer se classifica para a pr\u00f3xima fase, se o jogo terminar empatado, o classificado ser\u00e1 conhecido nos tiros livres diretos da marca do p\u00eanalti.<\/p>\n<p style=\"text-align: justify;\">Not\u00edcias da Juazeirense\/BA<\/p>\n<p style=\"text-align: justify;\">A Juazeirense contratou o t\u00e9cnico Betinho, e vai com &#8220;for\u00e7a total&#8221; para o Pr\u00e9-Nordest\u00e3o. O clube manteve 70% do elenco que jogou durante toda a temporada, al\u00e9m de contratar dois refor\u00e7os: <span style=\"font-size: inherit;\">lateral direito Suzart, de 28 anos, e o atacante Ronaille, de 37, que j\u00e1 foram regularizados no Boletim Informativo Di\u00e1rio (BID) da CBF.<\/span><\/p>\n<p style=\"text-align: justify;\">Elenco da Juazeirense para a seletiva da Copa do Nordeste:<\/p>\n<p style=\"text-align: justify;\">Goleiros:\u00a0Rodrigo Cala\u00e7a e Thiago Passos<br \/>\nLaterais:\u00a0Carlinhos, Suzart, Izaldo e Daniel<br \/>\nZagueiros:\u00a0Jamerson e Wendell<br \/>\nMeias:\u00a0Capone, Patrik, Clebson, Eduardo Lopes<br \/>\nAtacantes:\u00a0Maycon, Mateus Caf\u00e9, Toni Galego, Ronaille e Emersom<\/p>\n","protected":false},"excerpt":{"rendered":"<p>O Central venceu o jogo treino contra a Sele\u00e7\u00e3o de Alian\u00e7a, por 2 a 0, gols de Alex Alian\u00e7a e&hellip;<\/p>\n","protected":false},"author":1,"featured_media":75517,"comment_status":"open","ping_status":"open","sticky":false,"template":"","format":"standard","meta":{"footnotes":""},"categories":[14124,14123],"tags":[2,19532,3406,2954,22985,3],"class_list":["post-75516","post","type-post","status-publish","format-standard","has-post-thumbnail","hentry","category-centralsc","category-futebol","tag-blog-do-edvaldo-magalhaes","tag-blog-mais-acessado-e-visualizado-de-caruaru-e-regiao","tag-caruaru","tag-central-sport-club","tag-central-vence-selecao-de-alianca-em-preparacao-para-a-seletiva-da-copa-do-nordeste","tag-futebol"],"_links":{"self":[{"href":"https:\/\/blogdoedvaldomagalhaes.com.br\/index.php\/wp-json\/wp\/v2\/posts\/75516","targetHints":{"allow":["GET"]}}],"collection":[{"href":"https:\/\/blogdoedvaldomagalhaes.com.br\/index.php\/wp-json\/wp\/v2\/posts"}],"about":[{"href":"https:\/\/blogdoedvaldomagalhaes.com.br\/index.php\/wp-json\/wp\/v2\/types\/post"}],"author":[{"embeddable":true,"href":"https:\/\/blogdoedvaldomagalhaes.com.br\/index.php\/wp-json\/wp\/v2\/users\/1"}],"replies":[{"embeddable":true,"href":"https:\/\/blogdoedvaldomagalhaes.com.br\/index.php\/wp-json\/wp\/v2\/comments?post=75516"}],"version-history":[{"count":11,"href":"https:\/\/blogdoedvaldomagalhaes.com.br\/index.php\/wp-json\/wp\/v2\/posts\/75516\/revisions"}],"predecessor-version":[{"id":75535,"href":"https:\/\/blogdoedvaldomagalhaes.com.br\/index.php\/wp-json\/wp\/v2\/posts\/75516\/revisions\/75535"}],"wp:featuredmedia":[{"embeddable":true,"href":"https:\/\/blogdoedvaldomagalhaes.com.br\/index.php\/wp-json\/wp\/v2\/media\/75517"}],"wp:attachment":[{"href":"https:\/\/blogdoedvaldomagalhaes.com.br\/index.php\/wp-json\/wp\/v2\/media?parent=75516"}],"wp:term":[{"taxonomy":"category","embeddable":true,"href":"https:\/\/blogdoedvaldomagalhaes.com.br\/index.php\/wp-json\/wp\/v2\/categories?post=75516"},{"taxonomy":"post_tag","embeddable":true,"href":"https:\/\/blogdoedvaldomagalhaes.com.br\/index.php\/wp-json\/wp\/v2\/tags?post=75516"}],"curies":[{"name":"wp","href":"https:\/\/api.w.org\/{rel}","templated":true}]}}