{"id":7550,"date":"2016-11-29T01:21:00","date_gmt":"2016-11-29T03:21:00","guid":{"rendered":"http:\/\/blogdoedvaldomagalhaes.com.br\/index.php\/2016\/11\/29\/festa-da-vitoria-de-tafarel-arrastou\/"},"modified":"2019-02-09T01:07:54","modified_gmt":"2019-02-09T03:07:54","slug":"festa-da-vitoria-de-tafarel-arrastou","status":"publish","type":"post","link":"https:\/\/blogdoedvaldomagalhaes.com.br\/index.php\/2016\/11\/29\/festa-da-vitoria-de-tafarel-arrastou\/","title":{"rendered":"Festa da Vit\u00f3ria de Tafarel arrastou multid\u00e3o"},"content":{"rendered":"<div class=\"separator\" style=\"clear: both; text-align: center;\">\n<a href=\"https:\/\/1.bp.blogspot.com\/-IY7cLOGs96Y\/WDzUMIt7wSI\/AAAAAAAAKnc\/UK9Yoo0BJDUrAUUWDYMHdNK4MAf8OZq_gCLcB\/s1600\/tafarel.jpg\" imageanchor=\"1\" style=\"margin-left: 1em; margin-right: 1em;\"><img loading=\"lazy\" decoding=\"async\" border=\"0\" height=\"243\" src=\"http:\/\/blogdoedvaldomagalhaes.com.br\/wp-content\/uploads\/2016\/11\/tafarel-1.jpg\" width=\"400\" \/><\/a><\/div>\n<p><\/p>\n<div class=\"separator\" style=\"clear: both; text-align: center;\">\n<a href=\"https:\/\/2.bp.blogspot.com\/-1j2PRWrisfc\/WDzUN03ALwI\/AAAAAAAAKng\/fCJ5oVequNI7NDhF7eFrkM2hewXMAEjMwCLcB\/s1600\/tafarel%2B1.jpg\" imageanchor=\"1\" style=\"margin-left: 1em; margin-right: 1em;\"><img loading=\"lazy\" decoding=\"async\" border=\"0\" height=\"203\" src=\"http:\/\/blogdoedvaldomagalhaes.com.br\/wp-content\/uploads\/2016\/11\/tafarel1-1.jpg\" width=\"400\" \/><\/a><\/div>\n<p><\/p>\n<div class=\"separator\" style=\"clear: both; text-align: center;\">\n<a href=\"https:\/\/1.bp.blogspot.com\/-3_zEriM9Q2w\/WDzUPF0UaEI\/AAAAAAAAKnk\/mKhBpB66jHkRm8X7jZN3ES0EaERmIblzwCLcB\/s1600\/tafarel%2B2.jpg\" imageanchor=\"1\" style=\"margin-left: 1em; margin-right: 1em;\"><img loading=\"lazy\" decoding=\"async\" border=\"0\" height=\"265\" src=\"http:\/\/blogdoedvaldomagalhaes.com.br\/wp-content\/uploads\/2016\/11\/tafarel2.jpg\" width=\"400\" \/><\/a><\/div>\n<div class=\"separator\" style=\"clear: both; text-align: center;\">\n<\/div>\n<div class=\"separator\" style=\"clear: both; text-align: justify;\">\nMuita gente prestigiou a Festa da Vit\u00f3ria do Vereador Eleitor Tafarel, nesse domingo (27), na pra\u00e7a da Academia das Cidades, no bairro S\u00e3o Jo\u00e3o da Esc\u00f3cia, em Caruaru. Leiam o poema abaixo, autoria do vocalista dos Kartolas,&nbsp;Nick Jhon<\/div>\n<div class=\"separator\" style=\"clear: both; text-align: justify;\">\n<\/div>\n<div class=\"separator\" style=\"clear: both; text-align: justify;\">\nMoro no S\u00e3o Jo\u00e3o da Esc\u00f3cia,<\/div>\n<div class=\"separator\" style=\"clear: both; text-align: justify;\">\nBairro de gente unida,&nbsp;<\/div>\n<div class=\"separator\" style=\"clear: both; text-align: justify;\">\nQue a cada dia cresce,<\/div>\n<div class=\"separator\" style=\"clear: both; text-align: justify;\">\nCom qualidade de vida<\/div>\n<div class=\"separator\" style=\"clear: both; text-align: justify;\">\nUm bairro muito querido&nbsp;<\/div>\n<div class=\"separator\" style=\"clear: both; text-align: justify;\">\nDa cidade Caruaru<\/div>\n<div class=\"separator\" style=\"clear: both; text-align: justify;\">\nCapital do Agreste<\/div>\n<div class=\"separator\" style=\"clear: both; text-align: justify;\">\nDe Pernambuco<\/div>\n<div class=\"separator\" style=\"clear: both; text-align: justify;\">\nAcordo bem cedinho<\/div>\n<div class=\"separator\" style=\"clear: both; text-align: justify;\">\nPe\u00e7o a ben\u00e7\u00e3o a Ma\u00ednha<\/div>\n<div class=\"separator\" style=\"clear: both; text-align: justify;\">\nAgrade\u00e7o a Deus<\/div>\n<div class=\"separator\" style=\"clear: both; text-align: justify;\">\nPor mais um dia de Vida<\/div>\n<div class=\"separator\" style=\"clear: both; text-align: justify;\">\nPor ver o Sol nascer<\/div>\n<div class=\"separator\" style=\"clear: both; text-align: justify;\">\nPor ver o Sol se p\u00f4r<\/div>\n<div class=\"separator\" style=\"clear: both; text-align: justify;\">\nRecordo das lembran\u00e7as&nbsp;<\/div>\n<div class=\"separator\" style=\"clear: both; text-align: justify;\">\nDos lugares que me marcou<\/div>\n<div class=\"separator\" style=\"clear: both; text-align: justify;\">\nDo mercado de seu Amaro<\/div>\n<div class=\"separator\" style=\"clear: both; text-align: justify;\">\nDo abatedouro de seu man\u00e9<\/div>\n<div class=\"separator\" style=\"clear: both; text-align: justify;\">\nDa sinuca mais disputada<\/div>\n<div class=\"separator\" style=\"clear: both; text-align: justify;\">\nEm Marl\u00facio de Ded\u00e9<\/div>\n<div class=\"separator\" style=\"clear: both; text-align: justify;\">\nDo barreiro de Doca que pescava<\/div>\n<div class=\"separator\" style=\"clear: both; text-align: justify;\">\nCom muita f\u00e9<\/div>\n<div class=\"separator\" style=\"clear: both; text-align: justify;\">\nCarito, piaba e tra\u00edra<\/div>\n<div style=\"text-align: justify;\">\nL\u00e1 s\u00f3 n\u00e3o tinha jacar\u00e9<\/div>\n<div style=\"text-align: justify;\">\nO meu bairro cresceu<\/div>\n<div style=\"text-align: justify;\">\nO meu bairro se espandio<\/div>\n<div style=\"text-align: justify;\">\nHoje tem uma pracinha<\/div>\n<div style=\"text-align: justify;\">\nA n\u00edvel do Brasil<\/div>\n<div style=\"text-align: justify;\">\nTem feira no domingo<\/div>\n<div style=\"text-align: justify;\">\nTem Tafarel meu vereador<\/div>\n<div style=\"text-align: justify;\">\nNesse eu acredito<\/div>\n<div style=\"text-align: justify;\">\nTem creche, tem escolas<\/div>\n<div style=\"text-align: justify;\">\nAqui s\u00f3 n\u00e3o se cria inimigos<\/div>\n<div style=\"text-align: justify;\">\n\u00c9 bom de morar<\/div>\n<div style=\"text-align: justify;\">\nN\u00e3o tenho do que reclamar<\/div>\n<div style=\"text-align: justify;\">\nObrigado meu Senhor do<\/div>\n<div style=\"text-align: justify;\">\nMeu bairro, eu poder falar<\/div>\n","protected":false},"excerpt":{"rendered":"<p>Muita gente prestigiou a Festa da Vit\u00f3ria do Vereador Eleitor Tafarel, nesse domingo (27), na pra\u00e7a da Academia das Cidades,&hellip;<\/p>\n","protected":false},"author":1,"featured_media":0,"comment_status":"open","ping_status":"open","sticky":false,"template":"","format":"standard","meta":{"footnotes":""},"categories":[1],"tags":[2126,2,10770,10771,10772,20],"class_list":["post-7550","post","type-post","status-publish","format-standard","hentry","category-sem-categoria","tag-bairro-sao-joao-da-escocia","tag-blog-do-edvaldo-magalhaes","tag-festa-da-vitoria-de-tafarel-arrastou-multidao","tag-kartolas","tag-nick-jhon","tag-politica"],"_links":{"self":[{"href":"https:\/\/blogdoedvaldomagalhaes.com.br\/index.php\/wp-json\/wp\/v2\/posts\/7550","targetHints":{"allow":["GET"]}}],"collection":[{"href":"https:\/\/blogdoedvaldomagalhaes.com.br\/index.php\/wp-json\/wp\/v2\/posts"}],"about":[{"href":"https:\/\/blogdoedvaldomagalhaes.com.br\/index.php\/wp-json\/wp\/v2\/types\/post"}],"author":[{"embeddable":true,"href":"https:\/\/blogdoedvaldomagalhaes.com.br\/index.php\/wp-json\/wp\/v2\/users\/1"}],"replies":[{"embeddable":true,"href":"https:\/\/blogdoedvaldomagalhaes.com.br\/index.php\/wp-json\/wp\/v2\/comments?post=7550"}],"version-history":[{"count":1,"href":"https:\/\/blogdoedvaldomagalhaes.com.br\/index.php\/wp-json\/wp\/v2\/posts\/7550\/revisions"}],"predecessor-version":[{"id":14507,"href":"https:\/\/blogdoedvaldomagalhaes.com.br\/index.php\/wp-json\/wp\/v2\/posts\/7550\/revisions\/14507"}],"wp:attachment":[{"href":"https:\/\/blogdoedvaldomagalhaes.com.br\/index.php\/wp-json\/wp\/v2\/media?parent=7550"}],"wp:term":[{"taxonomy":"category","embeddable":true,"href":"https:\/\/blogdoedvaldomagalhaes.com.br\/index.php\/wp-json\/wp\/v2\/categories?post=7550"},{"taxonomy":"post_tag","embeddable":true,"href":"https:\/\/blogdoedvaldomagalhaes.com.br\/index.php\/wp-json\/wp\/v2\/tags?post=7550"}],"curies":[{"name":"wp","href":"https:\/\/api.w.org\/{rel}","templated":true}]}}