{"id":7549,"date":"2016-11-29T09:44:00","date_gmt":"2016-11-29T11:44:00","guid":{"rendered":"http:\/\/blogdoedvaldomagalhaes.com.br\/index.php\/2016\/11\/29\/aviao-com-time-da-chapecoense-cai-na\/"},"modified":"2019-02-09T01:07:54","modified_gmt":"2019-02-09T03:07:54","slug":"aviao-com-time-da-chapecoense-cai-na","status":"publish","type":"post","link":"https:\/\/blogdoedvaldomagalhaes.com.br\/index.php\/2016\/11\/29\/aviao-com-time-da-chapecoense-cai-na\/","title":{"rendered":"Avi\u00e3o com time da Chapecoense cai na Col\u00f4mbia e tem 5 sobreviventes"},"content":{"rendered":"<div class=\"separator\" style=\"clear: both; text-align: center;\">\n<a href=\"https:\/\/4.bp.blogspot.com\/-4HXSWuqjCbY\/WD1NTh7upaI\/AAAAAAAAKn0\/k_gaGkfGufQ4-oT_i5TTB2IPC5TWfWN5wCLcB\/s1600\/avi%25C3%25A3o.jpg\" imageanchor=\"1\" style=\"margin-left: 1em; margin-right: 1em;\"><img loading=\"lazy\" decoding=\"async\" border=\"0\" height=\"296\" src=\"http:\/\/blogdoedvaldomagalhaes.com.br\/wp-content\/uploads\/2016\/11\/aviC3A3o.jpg\" width=\"400\" \/><\/a><\/div>\n<div class=\"separator\" style=\"clear: both; text-align: center;\">\nFoto: Reprodu\u00e7\u00e3o\/TV Globo<\/div>\n<div style=\"line-height: normal; list-style: none; margin-bottom: 0.0001pt; text-align: justify;\">\n<\/div>\n<div style=\"line-height: normal; list-style: none; margin-bottom: 0.0001pt; text-align: justify;\">\n<div style=\"line-height: normal; list-style: none; margin-bottom: 0.0001pt;\">\nO avi\u00e3o que levava o time da Chapecoense para a Col\u00f4mbia, sofreu um acidente na madrugada desta ter\u00e7a-feira (29). A aeronave perdeu contato com os radares quando se aproximava da regi\u00e3o metropolitana de Medell\u00edn e caiu em um local de dif\u00edcil acesso.<\/div>\n<div style=\"line-height: normal; list-style: none; margin-bottom: 0.0001pt;\">\n<\/div>\n<div style=\"list-style: none;\">\nAs autoridades locais confirmaram que 76 pessoas morreram e cinco sobreviveram. Os jogadores Danilo, Follman e Alan Ruschel, o jornalista Rafael Henzel e uma aeromo\u00e7a foram levados conscientes para hospitais.&nbsp;<\/div>\n<div style=\"line-height: normal; list-style: none; margin-bottom: 0.0001pt;\">\n<\/div>\n<div style=\"line-height: normal; list-style: none; margin-bottom: 0.0001pt;\">\nO avi\u00e3o decolou de Santa Cruz de La Sierra, na Bol\u00edvia, com 72 passageiros e 9 tripulantes. Uma opera\u00e7\u00e3o de emerg\u00eancia foi ativada para atender ao acidente.<\/div>\n<div style=\"list-style: none;\">\n<\/div>\n<div style=\"list-style: none;\">\nO time da Chapecoense embarcou para a Col\u00f4mbia na noite de segunda-feira (28), para disputar a primeira partida da final da Copa Sul-Americana, contra o Atl\u00e9tico Nacional, quarta-feira (30).<\/p>\n<p><\/p>\n<div class=\"separator\" style=\"clear: both; text-align: center;\">\n<a href=\"https:\/\/1.bp.blogspot.com\/-HY7VQKZUzj0\/WD1jx344XFI\/AAAAAAAAKow\/hyoVUNu02a8TvDGkMjxOopN2cLeeKC7yACLcB\/s1600\/pernambucanos.jpg\" imageanchor=\"1\" style=\"margin-left: 1em; margin-right: 1em;\"><img loading=\"lazy\" decoding=\"async\" border=\"0\" height=\"292\" src=\"http:\/\/blogdoedvaldomagalhaes.com.br\/wp-content\/uploads\/2016\/11\/pernambucanos.jpg\" width=\"400\" \/><\/a><\/div>\n<div class=\"separator\" style=\"clear: both; text-align: center;\">\nOs dois pernambucanos estavam no v\u00f4o<\/div>\n<div class=\"separator\" style=\"clear: both; text-align: center;\">\n<a href=\"https:\/\/1.bp.blogspot.com\/-DO-pmrRVwwc\/WD2ucKZlcsI\/AAAAAAAAKqY\/CKfaH5Q5G-sPo3_99FOduDub6NA91MUswCLcB\/s1600\/clebewr%2Bsaantana.jpg\" imageanchor=\"1\" style=\"margin-left: 1em; margin-right: 1em;\"><img loading=\"lazy\" decoding=\"async\" border=\"0\" height=\"288\" src=\"http:\/\/blogdoedvaldomagalhaes.com.br\/wp-content\/uploads\/2016\/11\/clebewrsaantana.jpg\" width=\"400\" \/><\/a><\/div>\n<div class=\"separator\" style=\"clear: both; text-align: center;\">\nFoto: Genival Fernandes<\/div>\n<p><\/div>\n<\/div>\n","protected":false},"excerpt":{"rendered":"<p>Foto: Reprodu\u00e7\u00e3o\/TV Globo O avi\u00e3o que levava o time da Chapecoense para a Col\u00f4mbia, sofreu um acidente na madrugada desta&hellip;<\/p>\n","protected":false},"author":1,"featured_media":0,"comment_status":"open","ping_status":"open","sticky":false,"template":"","format":"standard","meta":{"footnotes":""},"categories":[1],"tags":[10764,10765,2,10766,10767,10768,6,10769],"class_list":["post-7549","post","type-post","status-publish","format-standard","hentry","category-sem-categoria","tag-atletico-nacional","tag-aviao-com-time-da-chapecoense-cai-na-colombia-e-tem-5-sobreviventes","tag-blog-do-edvaldo-magalhaes","tag-bolivia","tag-copa-sul-afriacana","tag-medellin","tag-noticias","tag-santa-cruz-de-la-sierra"],"_links":{"self":[{"href":"https:\/\/blogdoedvaldomagalhaes.com.br\/index.php\/wp-json\/wp\/v2\/posts\/7549","targetHints":{"allow":["GET"]}}],"collection":[{"href":"https:\/\/blogdoedvaldomagalhaes.com.br\/index.php\/wp-json\/wp\/v2\/posts"}],"about":[{"href":"https:\/\/blogdoedvaldomagalhaes.com.br\/index.php\/wp-json\/wp\/v2\/types\/post"}],"author":[{"embeddable":true,"href":"https:\/\/blogdoedvaldomagalhaes.com.br\/index.php\/wp-json\/wp\/v2\/users\/1"}],"replies":[{"embeddable":true,"href":"https:\/\/blogdoedvaldomagalhaes.com.br\/index.php\/wp-json\/wp\/v2\/comments?post=7549"}],"version-history":[{"count":1,"href":"https:\/\/blogdoedvaldomagalhaes.com.br\/index.php\/wp-json\/wp\/v2\/posts\/7549\/revisions"}],"predecessor-version":[{"id":14511,"href":"https:\/\/blogdoedvaldomagalhaes.com.br\/index.php\/wp-json\/wp\/v2\/posts\/7549\/revisions\/14511"}],"wp:attachment":[{"href":"https:\/\/blogdoedvaldomagalhaes.com.br\/index.php\/wp-json\/wp\/v2\/media?parent=7549"}],"wp:term":[{"taxonomy":"category","embeddable":true,"href":"https:\/\/blogdoedvaldomagalhaes.com.br\/index.php\/wp-json\/wp\/v2\/categories?post=7549"},{"taxonomy":"post_tag","embeddable":true,"href":"https:\/\/blogdoedvaldomagalhaes.com.br\/index.php\/wp-json\/wp\/v2\/tags?post=7549"}],"curies":[{"name":"wp","href":"https:\/\/api.w.org\/{rel}","templated":true}]}}