{"id":7548,"date":"2016-11-29T09:53:00","date_gmt":"2016-11-29T11:53:00","guid":{"rendered":"http:\/\/blogdoedvaldomagalhaes.com.br\/index.php\/2016\/11\/29\/homossexual-assassinado-dentro-da\/"},"modified":"2019-02-09T01:07:55","modified_gmt":"2019-02-09T03:07:55","slug":"homossexual-assassinado-dentro-da","status":"publish","type":"post","link":"https:\/\/blogdoedvaldomagalhaes.com.br\/index.php\/2016\/11\/29\/homossexual-assassinado-dentro-da\/","title":{"rendered":"Homossexual assassinado dentro da pr\u00f3pria resid\u00eancia"},"content":{"rendered":"<div class=\"separator\" style=\"clear: both; text-align: center;\">\n<a href=\"https:\/\/2.bp.blogspot.com\/-c--HYfR8JPw\/WD1PqSNPNCI\/AAAAAAAAKoA\/3lDpAJGrgp4dlxFu49BFLOXjO-OE_AV1gCLcB\/s1600\/gay.jpeg\" imageanchor=\"1\" style=\"margin-left: 1em; margin-right: 1em;\"><img loading=\"lazy\" decoding=\"async\" border=\"0\" height=\"400\" src=\"http:\/\/blogdoedvaldomagalhaes.com.br\/wp-content\/uploads\/2016\/11\/gay.jpeg\" width=\"332\" \/><\/a><\/div>\n<div class=\"separator\" style=\"clear: both; text-align: center;\">\nFoto e informa\u00e7\u00f5es Adielson Galv\u00e3o<\/div>\n<div class=\"MsoNormal\" style=\"background-color: white; color: #222222; font-family: Arial, Tahoma, Helvetica, FreeSans, sans-serif; font-size: 13.2px; text-align: justify;\">\n<\/div>\n<div class=\"MsoNormal\" style=\"background-color: white; text-align: justify;\">\nFoi assassinado a tiros na noite desda segunda-feira (28) no bairro Encruzilhada de S\u00e3o Jo\u00e3o em Bezerros,<b>&nbsp;Jo\u00e3o Paulo Ten\u00f3rio<\/b>, que era conhecido por<b>&nbsp;\u201cJo\u00e3o Gay\u201d&nbsp;<\/b>que tinha 28 anos, era homossexual, trabalhava na comunidade e morava sozinho. Ele foi assassinado dentro de casa.&nbsp;<\/div>\n<div class=\"MsoNormal\" style=\"background-color: white; text-align: justify;\">\n<\/div>\n<div class=\"MsoNormal\" style=\"background-color: white; text-align: justify;\">\nSegundo testemunhas o mesmo foi surpreendido com a chegada de dois elementos em uma motocicleta que adentraram na casa da v\u00edtima e ceifaram-lhe a vida. A Pol\u00edcia Militar fez o isolamento do local at\u00e9 a chegada da Pol\u00edcia Civil e da pol\u00edcia cient\u00edfica.&nbsp;<\/div>\n","protected":false},"excerpt":{"rendered":"<p>Foto e informa\u00e7\u00f5es Adielson Galv\u00e3o Foi assassinado a tiros na noite desda segunda-feira (28) no bairro Encruzilhada de S\u00e3o Jo\u00e3o&hellip;<\/p>\n","protected":false},"author":1,"featured_media":0,"comment_status":"open","ping_status":"open","sticky":false,"template":"","format":"standard","meta":{"footnotes":""},"categories":[1],"tags":[2,1912,10762,10763,3119,6173,13],"class_list":["post-7548","post","type-post","status-publish","format-standard","hentry","category-sem-categoria","tag-blog-do-edvaldo-magalhaes","tag-encruzilhada-de-bezerros","tag-homossexual-assassinado-dentro-da-propria-residencia","tag-policia-cientifica","tag-policia-civil","tag-policia-militar","tag-policial"],"_links":{"self":[{"href":"https:\/\/blogdoedvaldomagalhaes.com.br\/index.php\/wp-json\/wp\/v2\/posts\/7548","targetHints":{"allow":["GET"]}}],"collection":[{"href":"https:\/\/blogdoedvaldomagalhaes.com.br\/index.php\/wp-json\/wp\/v2\/posts"}],"about":[{"href":"https:\/\/blogdoedvaldomagalhaes.com.br\/index.php\/wp-json\/wp\/v2\/types\/post"}],"author":[{"embeddable":true,"href":"https:\/\/blogdoedvaldomagalhaes.com.br\/index.php\/wp-json\/wp\/v2\/users\/1"}],"replies":[{"embeddable":true,"href":"https:\/\/blogdoedvaldomagalhaes.com.br\/index.php\/wp-json\/wp\/v2\/comments?post=7548"}],"version-history":[{"count":1,"href":"https:\/\/blogdoedvaldomagalhaes.com.br\/index.php\/wp-json\/wp\/v2\/posts\/7548\/revisions"}],"predecessor-version":[{"id":14513,"href":"https:\/\/blogdoedvaldomagalhaes.com.br\/index.php\/wp-json\/wp\/v2\/posts\/7548\/revisions\/14513"}],"wp:attachment":[{"href":"https:\/\/blogdoedvaldomagalhaes.com.br\/index.php\/wp-json\/wp\/v2\/media?parent=7548"}],"wp:term":[{"taxonomy":"category","embeddable":true,"href":"https:\/\/blogdoedvaldomagalhaes.com.br\/index.php\/wp-json\/wp\/v2\/categories?post=7548"},{"taxonomy":"post_tag","embeddable":true,"href":"https:\/\/blogdoedvaldomagalhaes.com.br\/index.php\/wp-json\/wp\/v2\/tags?post=7548"}],"curies":[{"name":"wp","href":"https:\/\/api.w.org\/{rel}","templated":true}]}}