{"id":7544,"date":"2016-11-29T15:37:00","date_gmt":"2016-11-29T17:37:00","guid":{"rendered":"http:\/\/blogdoedvaldomagalhaes.com.br\/index.php\/2016\/11\/29\/receita-e-despesa-de-caruaru-para-2017\/"},"modified":"2019-02-09T01:07:58","modified_gmt":"2019-02-09T03:07:58","slug":"receita-e-despesa-de-caruaru-para-2017","status":"publish","type":"post","link":"https:\/\/blogdoedvaldomagalhaes.com.br\/index.php\/2016\/11\/29\/receita-e-despesa-de-caruaru-para-2017\/","title":{"rendered":"Receita e despesa de Caruaru para 2017 ser\u00e3o votadas hoje na C\u00e2mara de Vereadores"},"content":{"rendered":"<div class=\"separator\" style=\"clear: both; text-align: center;\">\n<a href=\"https:\/\/1.bp.blogspot.com\/-qPFvIVw-6Ls\/WD2gDqLMC5I\/AAAAAAAAKpQ\/RL2sclF7TOUiPzce8qOSBj0XqFGz4-d2wCLcB\/s1600\/ascom.jpg\" imageanchor=\"1\" style=\"margin-left: 1em; margin-right: 1em;\"><img loading=\"lazy\" decoding=\"async\" border=\"0\" height=\"300\" src=\"http:\/\/blogdoedvaldomagalhaes.com.br\/wp-content\/uploads\/2016\/11\/ascom.jpg\" width=\"400\" \/><\/a><\/div>\n<div class=\"separator\" style=\"clear: both; text-align: center;\">\nFoto e informa\u00e7\u00f5es Ascom\/C\u00e2mara<\/div>\n<div class=\"separator\" style=\"clear: both; text-align: center;\">\n<\/div>\n<div style=\"background-color: white; border: 0px; margin-bottom: 1.5em; outline: 0px; padding: 0px; text-align: justify; vertical-align: baseline;\">\nA C\u00e2mara Municipal de Caruaru realiza a partir das 20h desta ter\u00e7a-feira (29) a 68\u00aa reuni\u00e3o ordin\u00e1ria. Em pauta, a apresenta\u00e7\u00e3o e vota\u00e7\u00e3o de trinta proposituras \u2013 dezenove projetos de lei e onze requerimentos. O destaque s\u00e3o tr\u00eas projetos de lei de autoria do Executivo, todos em primeira discuss\u00e3o, um deles tratando da amplia\u00e7\u00e3o do Distrito Industrial e dois do or\u00e7amento do munic\u00edpio. O Projeto de Lei estima a receita e fixa a despesa do munic\u00edpio para o exerc\u00edcio financeiro de 2017 (Lei Or\u00e7ament\u00e1ria Anual \u2013 LOA) e o Projeto de Lei que disp\u00f5e sobre a revis\u00e3o do Plano Plurianual 2014 \u2013 2017 para o exerc\u00edcio de 2017, ser\u00e3o discutidos e votados.<\/div>\n<div style=\"background-color: white; border: 0px; margin-bottom: 1.5em; outline: 0px; padding: 0px; text-align: justify; vertical-align: baseline;\">\nOs outros projetos de lei \u2013 todos de autoria de vereadores \u2013 referem-se a nomina\u00e7\u00e3o de logradouros p\u00fablicos no loteamento Monteverde e nos bairros Kennedy, Manoel Bezerra Lopes, Indian\u00f3polis, Boa Vista e Maria Auxiliadora. Destacam-se os projetos de lei do vereador Marcelo Gomes (PSB), j\u00e1 aprovados em primeira discuss\u00e3o, denominando de \u201cUnidade de Sa\u00fade Municipal Doutor Jos\u00e9 Martins Barreto\u201d a UPA das Rendeiras e de \u201cUnidade de Sa\u00fade Municipal Doutor Ant\u00f4nio Isnar Amorim\u201d a UPA da Bairro Boa Vista; e o do vereador Carlos Santos (PRB), tamb\u00e9m j\u00e1 aprovado em primeira discuss\u00e3o, denominando de \u201cCentro Municipal de Educa\u00e7\u00e3o Infantil Jos\u00e9 Pinheiro dos Santos Filho\u201d o CMEI do Bairro S\u00e3o Jos\u00e9.<\/div>\n<div style=\"background-color: white; border: 0px; margin-bottom: 1.5em; outline: 0px; padding: 0px; text-align: justify; vertical-align: baseline;\">\nDentre os requerimentos, destaque para as a\u00e7\u00f5es de infraestrutura solicitadas pelo vereador Eduardo Cantarelli (PMDB). Cantarelli reivindica revitaliza\u00e7\u00e3o da Pra\u00e7a Chico Porto, no Maur\u00edcio de Nassau, remo\u00e7\u00e3o e coleta regular do lixo no Bairro Riach\u00e3o e saneamento e cal\u00e7amento do Bairro S\u00e3o Jo\u00e3o da Esc\u00f3cia. O vereador Cec\u00edlio Pedro (tamb\u00e9m do PMDB) apresenta proposituras para a\u00e7\u00e3o de combate a muri\u00e7oca, capina\u00e7\u00e3o e retirada de lixo nas imedia\u00e7\u00f5es do Anel Vi\u00e1rio, nas Rendeiras, no Loteamento Roberto Liberato, no Cedro e na Cidade Jardim, al\u00e9m de saneamento e cal\u00e7amento em v\u00e1rias ruas do Vila Andorinha.<\/div>\n","protected":false},"excerpt":{"rendered":"<p>Foto e informa\u00e7\u00f5es Ascom\/C\u00e2mara A C\u00e2mara Municipal de Caruaru realiza a partir das 20h desta ter\u00e7a-feira (29) a 68\u00aa reuni\u00e3o&hellip;<\/p>\n","protected":false},"author":1,"featured_media":0,"comment_status":"open","ping_status":"open","sticky":false,"template":"","format":"standard","meta":{"footnotes":""},"categories":[1],"tags":[2,10330,4901,10749,20,10750],"class_list":["post-7544","post","type-post","status-publish","format-standard","hentry","category-sem-categoria","tag-blog-do-edvaldo-magalhaes","tag-carlos-santos","tag-cecilio-pedro","tag-eduardo-cantarelli","tag-politica","tag-receita-e-despesa-de-caruaru-para-2017-serao-votadas-hoje-na-camara-de-vereadores"],"_links":{"self":[{"href":"https:\/\/blogdoedvaldomagalhaes.com.br\/index.php\/wp-json\/wp\/v2\/posts\/7544","targetHints":{"allow":["GET"]}}],"collection":[{"href":"https:\/\/blogdoedvaldomagalhaes.com.br\/index.php\/wp-json\/wp\/v2\/posts"}],"about":[{"href":"https:\/\/blogdoedvaldomagalhaes.com.br\/index.php\/wp-json\/wp\/v2\/types\/post"}],"author":[{"embeddable":true,"href":"https:\/\/blogdoedvaldomagalhaes.com.br\/index.php\/wp-json\/wp\/v2\/users\/1"}],"replies":[{"embeddable":true,"href":"https:\/\/blogdoedvaldomagalhaes.com.br\/index.php\/wp-json\/wp\/v2\/comments?post=7544"}],"version-history":[{"count":1,"href":"https:\/\/blogdoedvaldomagalhaes.com.br\/index.php\/wp-json\/wp\/v2\/posts\/7544\/revisions"}],"predecessor-version":[{"id":14522,"href":"https:\/\/blogdoedvaldomagalhaes.com.br\/index.php\/wp-json\/wp\/v2\/posts\/7544\/revisions\/14522"}],"wp:attachment":[{"href":"https:\/\/blogdoedvaldomagalhaes.com.br\/index.php\/wp-json\/wp\/v2\/media?parent=7544"}],"wp:term":[{"taxonomy":"category","embeddable":true,"href":"https:\/\/blogdoedvaldomagalhaes.com.br\/index.php\/wp-json\/wp\/v2\/categories?post=7544"},{"taxonomy":"post_tag","embeddable":true,"href":"https:\/\/blogdoedvaldomagalhaes.com.br\/index.php\/wp-json\/wp\/v2\/tags?post=7544"}],"curies":[{"name":"wp","href":"https:\/\/api.w.org\/{rel}","templated":true}]}}