{"id":7532,"date":"2016-11-30T17:05:00","date_gmt":"2016-11-30T19:05:00","guid":{"rendered":"http:\/\/blogdoedvaldomagalhaes.com.br\/index.php\/2016\/11\/30\/lei-torna-vaquejada-manifestacao-e\/"},"modified":"2019-02-09T01:08:08","modified_gmt":"2019-02-09T03:08:08","slug":"lei-torna-vaquejada-manifestacao-e","status":"publish","type":"post","link":"https:\/\/blogdoedvaldomagalhaes.com.br\/index.php\/2016\/11\/30\/lei-torna-vaquejada-manifestacao-e\/","title":{"rendered":"Lei torna vaquejada manifesta\u00e7\u00e3o e patrim\u00f4nio cultural"},"content":{"rendered":"<div class=\"separator\" style=\"clear: both; text-align: center;\">\n<a href=\"https:\/\/2.bp.blogspot.com\/-WlP6skRSB9g\/WD8GSIEKUSI\/AAAAAAAAKs0\/70Qw6Fb22-UgYgpy9-42C-1K_UjoobokQCLcB\/s1600\/vzaquejada.jpg\" imageanchor=\"1\" style=\"margin-left: 1em; margin-right: 1em;\"><img loading=\"lazy\" decoding=\"async\" border=\"0\" height=\"262\" src=\"http:\/\/blogdoedvaldomagalhaes.com.br\/wp-content\/uploads\/2016\/11\/vzaquejada.jpg\" width=\"400\" \/><\/a><\/div>\n<div class=\"separator\" style=\"clear: both; text-align: center;\">\nFoto ilustrativa<\/div>\n<div style=\"text-align: justify;\">\n<\/div>\n<div style=\"text-align: justify;\">\nO presidente Michel Temer (PMDB) sancionou sem vetos a lei que eleva rodeios, vaquejadas e outras express\u00f5es art\u00edstico-culturais \u00e0 condi\u00e7\u00e3o de manifesta\u00e7\u00e3o cultural nacional e de patrim\u00f4nio cultural imaterial.<\/div>\n<div style=\"text-align: justify;\">\n<\/div>\n<div style=\"text-align: justify;\">\nEm julgamento feito em 6 de outubro, o Supremo Tribunal Federal (STF) considerou inconstitucional uma lei cearense que regulamentava eventos desse tipo. Desde ent\u00e3o, a proposta que visava \u00e0 sua legaliza\u00e7\u00e3o ganhou for\u00e7a no Congresso Nacional e foi aprovada no mesmo dia (1\u00ba de novembro) tanto na Comiss\u00e3o de Educa\u00e7\u00e3o, Cultura e Esporte quanto no plen\u00e1rio do Senado. A decis\u00e3o do STF resultou tamb\u00e9m em uma manifesta\u00e7\u00e3o contr\u00e1ria a ela, feita por vaqueiros no dia 11 de outubro na Esplanada dos Minist\u00e9rios.<\/div>\n<div style=\"text-align: justify;\">\n<\/div>\n<div style=\"text-align: justify;\">\nA vaquejada \u00e9 uma atividade competitiva bastante praticada no Nordeste brasileiro, na qual os vaqueiros t\u00eam como objetivo derrubar o boi, puxando-o pelo rabo. As pessoas contr\u00e1rias \u00e0 atividade argumentam ser comum o tratamento cruel de animais. Com a san\u00e7\u00e3o presidencial publicada no Di\u00e1rio Oficial da Uni\u00e3o de hoje (30), a pr\u00e1tica passa a ter respaldo legal.<\/div>\n<div style=\"text-align: justify;\">\n<\/div>\n<div style=\"text-align: justify;\">\nNa defesa que fez de seu relat\u00f3rio aprovado em novembro, o senador Roberto Muniz (PP\/BA) argumentou existirem a\u00e7\u00f5es de aperfei\u00e7oamento da atividade para prote\u00e7\u00e3o do animal. Segundo ele, \u00e9 preciso discutir formas de cuidar bem dos animais sem que seja necess\u00e1rio negar a pr\u00e1tica de manifesta\u00e7\u00f5es culturais, e que a proibi\u00e7\u00e3o da vaquejada representa \u201cdesprezo do que \u00e9 a cultura nordestina\u201d, em especial a cultura do interior do pa\u00eds.<\/div>\n<div style=\"text-align: justify;\">\n<\/div>\n<div style=\"text-align: justify;\">\nCom a san\u00e7\u00e3o da lei, al\u00e9m da vaquejada passam tamb\u00e9m a ser considerados patrim\u00f4nio cultural imaterial do Brasil o rodeio e as express\u00f5es culturais decorrentes dela \u2013 caso de montarias, provas de la\u00e7o, aparta\u00e7\u00e3o, bulldog, paleteadas, Team Penning e Work Penning, e provas como as de r\u00e9deas, dos Tr\u00eas Tambores e Queima do Alho. Tamb\u00e9m se enquadram como patrim\u00f4nio cultural imaterial os concursos de berrante, apresenta\u00e7\u00f5es folcl\u00f3ricas e de m\u00fasicas de raiz.<\/div>\n<div style=\"text-align: justify;\">\n<\/div>\n<div style=\"text-align: justify;\">\nFonte: Agencia Brasil<\/div>\n","protected":false},"excerpt":{"rendered":"<p>Foto ilustrativa O presidente Michel Temer (PMDB) sancionou sem vetos a lei que eleva rodeios, vaquejadas e outras express\u00f5es art\u00edstico-culturais&hellip;<\/p>\n","protected":false},"author":1,"featured_media":0,"comment_status":"open","ping_status":"open","sticky":false,"template":"","format":"standard","meta":{"footnotes":""},"categories":[1],"tags":[2,10721,7036,6,10722],"class_list":["post-7532","post","type-post","status-publish","format-standard","hentry","category-sem-categoria","tag-blog-do-edvaldo-magalhaes","tag-lei-torna-vaquejada-manifestacao-e-patrimonio-cultural","tag-michel-temer","tag-noticias","tag-stf"],"_links":{"self":[{"href":"https:\/\/blogdoedvaldomagalhaes.com.br\/index.php\/wp-json\/wp\/v2\/posts\/7532","targetHints":{"allow":["GET"]}}],"collection":[{"href":"https:\/\/blogdoedvaldomagalhaes.com.br\/index.php\/wp-json\/wp\/v2\/posts"}],"about":[{"href":"https:\/\/blogdoedvaldomagalhaes.com.br\/index.php\/wp-json\/wp\/v2\/types\/post"}],"author":[{"embeddable":true,"href":"https:\/\/blogdoedvaldomagalhaes.com.br\/index.php\/wp-json\/wp\/v2\/users\/1"}],"replies":[{"embeddable":true,"href":"https:\/\/blogdoedvaldomagalhaes.com.br\/index.php\/wp-json\/wp\/v2\/comments?post=7532"}],"version-history":[{"count":1,"href":"https:\/\/blogdoedvaldomagalhaes.com.br\/index.php\/wp-json\/wp\/v2\/posts\/7532\/revisions"}],"predecessor-version":[{"id":14549,"href":"https:\/\/blogdoedvaldomagalhaes.com.br\/index.php\/wp-json\/wp\/v2\/posts\/7532\/revisions\/14549"}],"wp:attachment":[{"href":"https:\/\/blogdoedvaldomagalhaes.com.br\/index.php\/wp-json\/wp\/v2\/media?parent=7532"}],"wp:term":[{"taxonomy":"category","embeddable":true,"href":"https:\/\/blogdoedvaldomagalhaes.com.br\/index.php\/wp-json\/wp\/v2\/categories?post=7532"},{"taxonomy":"post_tag","embeddable":true,"href":"https:\/\/blogdoedvaldomagalhaes.com.br\/index.php\/wp-json\/wp\/v2\/tags?post=7532"}],"curies":[{"name":"wp","href":"https:\/\/api.w.org\/{rel}","templated":true}]}}