{"id":75233,"date":"2021-09-26T14:25:58","date_gmt":"2021-09-26T17:25:58","guid":{"rendered":"https:\/\/blogdoedvaldomagalhaes.com.br\/?p=75233"},"modified":"2021-09-26T23:21:10","modified_gmt":"2021-09-27T02:21:10","slug":"vendedor-hallysson-wagner-e-morto-as-margens-da-br-104-em-caruaru","status":"publish","type":"post","link":"https:\/\/blogdoedvaldomagalhaes.com.br\/index.php\/2021\/09\/26\/vendedor-hallysson-wagner-e-morto-as-margens-da-br-104-em-caruaru\/","title":{"rendered":"Vendedor Hallysson Wagner \u00e9 morto \u00e0s margens da BR 104 em Caruaru"},"content":{"rendered":"<p style=\"text-align: justify;\"><span style=\"font-size: inherit;\">No in\u00edcio da tarde deste domingo (26), um homic\u00eddio foi registrado \u00e0s margens da BR 104, no Lampi\u00e3o, em Cachoeira Seca, 2\u00b0 Distrito de Caruaru. O vendedor de cuecas, camisas e bermudas, H<\/span><span style=\"font-size: inherit;\">allysson Wagner, foi morto por disparos de arma de fogo, morrendo no local. A v\u00edtima postava v\u00eddeos em suas redes sociais, usando os nomes: Hally Alves, Apenas_Hallysson, Hallysson Wagnner,\u00a0 Hallysson Santos.<\/span><\/p>\n<p style=\"text-align: justify;\">Segundo informa\u00e7\u00f5es,\u00a0 Hally teria sido chamado para fazer uma entrega nesse local, quando chegou no seu ve\u00edculo Gol de cor vermelha na companhia da esposa, se tratava de uma emboscada e o executaram com v\u00e1rios tiros. Ele foi morto fora do ve\u00edculo. A esposa estava dentro do ve\u00edculo.<\/p>\n<p style=\"text-align: justify;\">Este \u00e9 o 14\u00ba homic\u00eddio do m\u00eas de setembro em Caruaru. Este ano, mataram 87 pessoas no munic\u00edpio.<\/p>\n\n\n<figure class=\"wp-block-image size-large\"><img loading=\"lazy\" decoding=\"async\" width=\"768\" height=\"1024\" src=\"https:\/\/blogdoedvaldomagalhaes.com.br\/wp-content\/uploads\/2021\/09\/IMG-20210926-WA0083-768x1024.jpg\" alt=\"\" class=\"wp-image-75243\" srcset=\"https:\/\/blogdoedvaldomagalhaes.com.br\/wp-content\/uploads\/2021\/09\/IMG-20210926-WA0083-768x1024.jpg 768w, https:\/\/blogdoedvaldomagalhaes.com.br\/wp-content\/uploads\/2021\/09\/IMG-20210926-WA0083-225x300.jpg 225w, https:\/\/blogdoedvaldomagalhaes.com.br\/wp-content\/uploads\/2021\/09\/IMG-20210926-WA0083-1152x1536.jpg 1152w, https:\/\/blogdoedvaldomagalhaes.com.br\/wp-content\/uploads\/2021\/09\/IMG-20210926-WA0083.jpg 1200w\" sizes=\"auto, (max-width: 768px) 100vw, 768px\" \/><figcaption>Foto: Reprodu\u00e7\u00e3o\/WhatsApp<\/figcaption><\/figure>\n\n\n\n<figure class=\"wp-block-image size-large\"><img loading=\"lazy\" decoding=\"async\" width=\"576\" height=\"1024\" src=\"https:\/\/blogdoedvaldomagalhaes.com.br\/wp-content\/uploads\/2021\/09\/IMG-20210926-WA0092-576x1024.jpg\" alt=\"\" class=\"wp-image-75246\" srcset=\"https:\/\/blogdoedvaldomagalhaes.com.br\/wp-content\/uploads\/2021\/09\/IMG-20210926-WA0092-576x1024.jpg 576w, https:\/\/blogdoedvaldomagalhaes.com.br\/wp-content\/uploads\/2021\/09\/IMG-20210926-WA0092-169x300.jpg 169w, https:\/\/blogdoedvaldomagalhaes.com.br\/wp-content\/uploads\/2021\/09\/IMG-20210926-WA0092-768x1365.jpg 768w, https:\/\/blogdoedvaldomagalhaes.com.br\/wp-content\/uploads\/2021\/09\/IMG-20210926-WA0092-864x1536.jpg 864w, https:\/\/blogdoedvaldomagalhaes.com.br\/wp-content\/uploads\/2021\/09\/IMG-20210926-WA0092.jpg 900w\" sizes=\"auto, (max-width: 576px) 100vw, 576px\" \/><figcaption>Foto: Reprodu\u00e7\u00e3o\/WhatsApp<\/figcaption><\/figure>\n","protected":false},"excerpt":{"rendered":"<p>No in\u00edcio da tarde deste domingo (26), um homic\u00eddio foi registrado \u00e0s margens da BR 104, no Lampi\u00e3o, em Cachoeira&hellip;<\/p>\n","protected":false},"author":1,"featured_media":75234,"comment_status":"open","ping_status":"open","sticky":false,"template":"","format":"standard","meta":{"footnotes":""},"categories":[14121],"tags":[2,19532,3406,5448,22920],"class_list":["post-75233","post","type-post","status-publish","format-standard","has-post-thumbnail","hentry","category-policial","tag-blog-do-edvaldo-magalhaes","tag-blog-mais-acessado-e-visualizado-de-caruaru-e-regiao","tag-caruaru","tag-homicidio","tag-vendedor-hallysson-wagner-e-morto-as-margens-da-br-104-em-caruaru"],"_links":{"self":[{"href":"https:\/\/blogdoedvaldomagalhaes.com.br\/index.php\/wp-json\/wp\/v2\/posts\/75233","targetHints":{"allow":["GET"]}}],"collection":[{"href":"https:\/\/blogdoedvaldomagalhaes.com.br\/index.php\/wp-json\/wp\/v2\/posts"}],"about":[{"href":"https:\/\/blogdoedvaldomagalhaes.com.br\/index.php\/wp-json\/wp\/v2\/types\/post"}],"author":[{"embeddable":true,"href":"https:\/\/blogdoedvaldomagalhaes.com.br\/index.php\/wp-json\/wp\/v2\/users\/1"}],"replies":[{"embeddable":true,"href":"https:\/\/blogdoedvaldomagalhaes.com.br\/index.php\/wp-json\/wp\/v2\/comments?post=75233"}],"version-history":[{"count":6,"href":"https:\/\/blogdoedvaldomagalhaes.com.br\/index.php\/wp-json\/wp\/v2\/posts\/75233\/revisions"}],"predecessor-version":[{"id":75251,"href":"https:\/\/blogdoedvaldomagalhaes.com.br\/index.php\/wp-json\/wp\/v2\/posts\/75233\/revisions\/75251"}],"wp:featuredmedia":[{"embeddable":true,"href":"https:\/\/blogdoedvaldomagalhaes.com.br\/index.php\/wp-json\/wp\/v2\/media\/75234"}],"wp:attachment":[{"href":"https:\/\/blogdoedvaldomagalhaes.com.br\/index.php\/wp-json\/wp\/v2\/media?parent=75233"}],"wp:term":[{"taxonomy":"category","embeddable":true,"href":"https:\/\/blogdoedvaldomagalhaes.com.br\/index.php\/wp-json\/wp\/v2\/categories?post=75233"},{"taxonomy":"post_tag","embeddable":true,"href":"https:\/\/blogdoedvaldomagalhaes.com.br\/index.php\/wp-json\/wp\/v2\/tags?post=75233"}],"curies":[{"name":"wp","href":"https:\/\/api.w.org\/{rel}","templated":true}]}}