{"id":75227,"date":"2021-09-26T08:08:40","date_gmt":"2021-09-26T11:08:40","guid":{"rendered":"https:\/\/blogdoedvaldomagalhaes.com.br\/?p=75227"},"modified":"2021-09-26T08:08:41","modified_gmt":"2021-09-26T11:08:41","slug":"alcoolicos-anonimos-celebra-46-anos-em-caruaru","status":"publish","type":"post","link":"https:\/\/blogdoedvaldomagalhaes.com.br\/index.php\/2021\/09\/26\/alcoolicos-anonimos-celebra-46-anos-em-caruaru\/","title":{"rendered":"Alco\u00f3licos An\u00f4nimos celebra 46 anos em Caruaru"},"content":{"rendered":"<p style=\"text-align: justify;\">COMUNICADO<\/p>\n<p style=\"text-align: justify;\">ALCO\u00d3LICOS AN\u00d4NIMOS CELEBRA 46 ANOS EM CARUARU<br \/><br \/>Nesse s\u00e1bado, dia 25 de setembro de 2021, a irmandade de Alco\u00f3licos An\u00f4nimos em Caruaru, Pernambuco, completou 46 anos de funda\u00e7\u00e3o de seu primeiro grupo o Princesa do Agreste, ajudando e compartilhando entre si, com quem sofre dessa terr\u00edvel doen\u00e7a, que \u00e9 o Alcoolismo. Com a ajuda do Monsieur Padre Bosco, tr\u00eas companheiros oriundos do grupo <br \/>Recife, fizeram a primeira Reuni\u00e3o de informa\u00e7\u00e3o ao p\u00fablico e da\u00ed come\u00e7ou a germinar essa semente, que vem ajudando a salvar muitas vidas, n\u00e3o s\u00f3 em Caruaru mais em toda uma regi\u00e3o.<\/p>\n<p style=\"text-align: justify;\">E em comemora\u00e7\u00e3o aos 46 anos de sua funda\u00e7\u00e3o em Caruaru, hoje, a partir das 19:30h., estar\u00e1 realizando uma reuni\u00e3o on &#8211; line, ABERTA AO P\u00daBLICO. Para participar \u00e9 s\u00f3 acessar o link: <br \/>meet.google.com\/pfh-ucam-wae. Site oficial www.aa.org.br <br \/>CTO \u2013 Comit\u00ea Trabalhando com Outros &#8211; ESL Caruaru Pernambuco.<\/p>\n<p>Foto ilustrativa: Reprodu\u00e7\u00e3o\/Internet.<\/p>\n<p style=\"text-align: justify;\">\u00a0<\/p>\n<p style=\"text-align: justify;\">\u00a0<\/p>\n<p style=\"text-align: justify;\">\u00a0<\/p>\n\n\n<p><\/p>\n","protected":false},"excerpt":{"rendered":"<p>COMUNICADO ALCO\u00d3LICOS AN\u00d4NIMOS CELEBRA 46 ANOS EM CARUARU Nesse s\u00e1bado, dia 25 de setembro de 2021, a irmandade de Alco\u00f3licos&hellip;<\/p>\n","protected":false},"author":1,"featured_media":75228,"comment_status":"open","ping_status":"open","sticky":false,"template":"","format":"standard","meta":{"footnotes":""},"categories":[14120],"tags":[22916,2,19532,3406],"class_list":["post-75227","post","type-post","status-publish","format-standard","has-post-thumbnail","hentry","category-noticias","tag-alcoolicos-anonimos-celebra-46-anos-em-caruaru","tag-blog-do-edvaldo-magalhaes","tag-blog-mais-acessado-e-visualizado-de-caruaru-e-regiao","tag-caruaru"],"_links":{"self":[{"href":"https:\/\/blogdoedvaldomagalhaes.com.br\/index.php\/wp-json\/wp\/v2\/posts\/75227","targetHints":{"allow":["GET"]}}],"collection":[{"href":"https:\/\/blogdoedvaldomagalhaes.com.br\/index.php\/wp-json\/wp\/v2\/posts"}],"about":[{"href":"https:\/\/blogdoedvaldomagalhaes.com.br\/index.php\/wp-json\/wp\/v2\/types\/post"}],"author":[{"embeddable":true,"href":"https:\/\/blogdoedvaldomagalhaes.com.br\/index.php\/wp-json\/wp\/v2\/users\/1"}],"replies":[{"embeddable":true,"href":"https:\/\/blogdoedvaldomagalhaes.com.br\/index.php\/wp-json\/wp\/v2\/comments?post=75227"}],"version-history":[{"count":1,"href":"https:\/\/blogdoedvaldomagalhaes.com.br\/index.php\/wp-json\/wp\/v2\/posts\/75227\/revisions"}],"predecessor-version":[{"id":75229,"href":"https:\/\/blogdoedvaldomagalhaes.com.br\/index.php\/wp-json\/wp\/v2\/posts\/75227\/revisions\/75229"}],"wp:featuredmedia":[{"embeddable":true,"href":"https:\/\/blogdoedvaldomagalhaes.com.br\/index.php\/wp-json\/wp\/v2\/media\/75228"}],"wp:attachment":[{"href":"https:\/\/blogdoedvaldomagalhaes.com.br\/index.php\/wp-json\/wp\/v2\/media?parent=75227"}],"wp:term":[{"taxonomy":"category","embeddable":true,"href":"https:\/\/blogdoedvaldomagalhaes.com.br\/index.php\/wp-json\/wp\/v2\/categories?post=75227"},{"taxonomy":"post_tag","embeddable":true,"href":"https:\/\/blogdoedvaldomagalhaes.com.br\/index.php\/wp-json\/wp\/v2\/tags?post=75227"}],"curies":[{"name":"wp","href":"https:\/\/api.w.org\/{rel}","templated":true}]}}