{"id":75216,"date":"2021-09-25T22:14:30","date_gmt":"2021-09-26T01:14:30","guid":{"rendered":"https:\/\/blogdoedvaldomagalhaes.com.br\/?p=75216"},"modified":"2021-09-25T22:27:22","modified_gmt":"2021-09-26T01:27:22","slug":"jovem-de-20-anos-e-morto-a-tiros-em-caruaru","status":"publish","type":"post","link":"https:\/\/blogdoedvaldomagalhaes.com.br\/index.php\/2021\/09\/25\/jovem-de-20-anos-e-morto-a-tiros-em-caruaru\/","title":{"rendered":"Jovem de 20 anos \u00e9 morto a tiros em Caruaru"},"content":{"rendered":"<p style=\"text-align: justify;\">O jovem Jefferson Mateus da Silva, de 20 anos de idade, foi morto a tiros na noite deste s\u00e1bado (25), na mesma rua em que morava, na Vila Teimosa, em Caruaru. De acordo com a irm\u00e3 dele Jaqueline da Silva, a v\u00edtima teve uma passagem pela Funase e uma passagem pela Penitenci\u00e1ria Juiz Pl\u00e1cido de Souza, acusado de homic\u00eddio.<\/p>\n<p style=\"text-align: justify;\">Esse foi o 12\u00b0 no m\u00eas de setembro e o 85\u00b0 no ano de 2021, em Caruaru.<\/p>\n<p style=\"text-align: justify;\">Informa\u00e7\u00f5es e foto: Blog do Edvaldo Magalh\u00e3es.<\/p>\n\n\n<figure class=\"wp-block-image size-large\"><img loading=\"lazy\" decoding=\"async\" width=\"485\" height=\"1024\" src=\"https:\/\/blogdoedvaldomagalhaes.com.br\/wp-content\/uploads\/2021\/09\/IMG-20210925-WA0316-485x1024.jpg\" alt=\"\" class=\"wp-image-75224\" srcset=\"https:\/\/blogdoedvaldomagalhaes.com.br\/wp-content\/uploads\/2021\/09\/IMG-20210925-WA0316-485x1024.jpg 485w, https:\/\/blogdoedvaldomagalhaes.com.br\/wp-content\/uploads\/2021\/09\/IMG-20210925-WA0316-142x300.jpg 142w, https:\/\/blogdoedvaldomagalhaes.com.br\/wp-content\/uploads\/2021\/09\/IMG-20210925-WA0316.jpg 606w\" sizes=\"auto, (max-width: 485px) 100vw, 485px\" \/><figcaption>Jefferson Mateus da Silva<\/figcaption><\/figure>\n","protected":false},"excerpt":{"rendered":"<p>O jovem Jefferson Mateus da Silva, de 20 anos de idade, foi morto a tiros na noite deste s\u00e1bado (25),&hellip;<\/p>\n","protected":false},"author":1,"featured_media":75217,"comment_status":"open","ping_status":"open","sticky":false,"template":"","format":"standard","meta":{"footnotes":""},"categories":[14121],"tags":[2,19532,3406,5448,22915,6],"class_list":["post-75216","post","type-post","status-publish","format-standard","has-post-thumbnail","hentry","category-policial","tag-blog-do-edvaldo-magalhaes","tag-blog-mais-acessado-e-visualizado-de-caruaru-e-regiao","tag-caruaru","tag-homicidio","tag-jovem-de-20-anos-e-morto-a-tiros-em-caruaru","tag-noticias"],"_links":{"self":[{"href":"https:\/\/blogdoedvaldomagalhaes.com.br\/index.php\/wp-json\/wp\/v2\/posts\/75216","targetHints":{"allow":["GET"]}}],"collection":[{"href":"https:\/\/blogdoedvaldomagalhaes.com.br\/index.php\/wp-json\/wp\/v2\/posts"}],"about":[{"href":"https:\/\/blogdoedvaldomagalhaes.com.br\/index.php\/wp-json\/wp\/v2\/types\/post"}],"author":[{"embeddable":true,"href":"https:\/\/blogdoedvaldomagalhaes.com.br\/index.php\/wp-json\/wp\/v2\/users\/1"}],"replies":[{"embeddable":true,"href":"https:\/\/blogdoedvaldomagalhaes.com.br\/index.php\/wp-json\/wp\/v2\/comments?post=75216"}],"version-history":[{"count":6,"href":"https:\/\/blogdoedvaldomagalhaes.com.br\/index.php\/wp-json\/wp\/v2\/posts\/75216\/revisions"}],"predecessor-version":[{"id":75226,"href":"https:\/\/blogdoedvaldomagalhaes.com.br\/index.php\/wp-json\/wp\/v2\/posts\/75216\/revisions\/75226"}],"wp:featuredmedia":[{"embeddable":true,"href":"https:\/\/blogdoedvaldomagalhaes.com.br\/index.php\/wp-json\/wp\/v2\/media\/75217"}],"wp:attachment":[{"href":"https:\/\/blogdoedvaldomagalhaes.com.br\/index.php\/wp-json\/wp\/v2\/media?parent=75216"}],"wp:term":[{"taxonomy":"category","embeddable":true,"href":"https:\/\/blogdoedvaldomagalhaes.com.br\/index.php\/wp-json\/wp\/v2\/categories?post=75216"},{"taxonomy":"post_tag","embeddable":true,"href":"https:\/\/blogdoedvaldomagalhaes.com.br\/index.php\/wp-json\/wp\/v2\/tags?post=75216"}],"curies":[{"name":"wp","href":"https:\/\/api.w.org\/{rel}","templated":true}]}}